{"id":5355,"date":"2017-04-05T19:32:13","date_gmt":"2017-04-05T17:32:13","guid":{"rendered":"http:\/\/hbg-koeln.de\/?p=5355"},"modified":"2017-04-05T19:32:39","modified_gmt":"2017-04-05T17:32:39","slug":"erfolgreiche-teilnahme-am-koelner-lesekonzert-16-17","status":"publish","type":"post","link":"https:\/\/hbg-koeln.de\/?p=5355","title":{"rendered":"Erfolgreiche Teilnahme am K\u00f6lner Lesekonzert 16\/ 17"},"content":{"rendered":"<p><em>Ein Bericht von Herrn Maul (Deutschlehrer)<\/em><\/p>\n<p>Im Rahmen des Deutschunterrichts besch\u00e4ftigten sich die Klasse 6.3 und 6.4 w\u00e4hren des Themas \u201eGedichte verstehen, vortragen und zusammenfassen\u201c auch mit dem Schreiben von Parallelgedichten.<\/p>\n<p>So entstanden zum Ausgangsgedicht \u201eWenn ich fr\u00f6hlich bin\u201c die folgenden zwei Texte von den Sch\u00fclerinnen <strong><u>Iman Smooky<\/u><\/strong> (Klasse 6.3) und <strong><u>Nileyn Sezer<\/u><\/strong> (Klasse 6.4), die der fachkundigen Jury des K\u00f6lner Lesekonzerts 16\/17 neben sieben weiteren Texten eingereicht wurden.<!--morehier weiterlesen--><\/p>\n<p><span style=\"text-decoration: underline;\"><strong>Wenn ich w\u00fctend bin<\/strong><\/span> <em>von Iman Smooky (Klasse 6.3)<\/em><\/p>\n<p>Wenn ich w\u00fctend bin,<br \/>\nf\u00fchle ich mich wie ein Bulle,<br \/>\nder gerade etwas Rotes gesehen hat.<\/p>\n<p>Wenn ich gl\u00fccklich bin,<br \/>\nf\u00fchle ich mich wie die Sonne,<br \/>\ndie gerade aufgeht.<\/p>\n<p>Wenn ich unzufrieden bin,<br \/>\nf\u00fchle ich mich wie ein Regenwurm,<br \/>\nder gerade Platzangst hat.<\/p>\n<p>Wenn ich fr\u00f6hlich bin,<br \/>\nf\u00fchle ich mich wie ein Schwein,<br \/>\ndas in einem Schlammbad plantscht.<\/p>\n<p style=\"text-align: center;\">&#8212;&#8212;&#8212;&#8212;&#8212;&#8212;&#8212;&#8212;&#8212;&#8212;&#8212;&#8212;&#8212;-<\/p>\n<p><span style=\"text-decoration: underline;\"><strong>Wenn ich gl\u00fccklich<\/strong><\/span><em> bin von Nileyn Sezer (Klasse 6.4)<\/em><\/p>\n<p>Wenn ich gl\u00fccklich bin,<br \/>\nf\u00fchle ich mich wie ein Einhorn<br \/>\ndas Glitzer verteilt.<\/p>\n<p>Wenn ich stark bin,<br \/>\nf\u00fchle ich mich wie ein Drache,<br \/>\nder Feuer spuckt.<\/p>\n<p>Wenn ich m\u00e4chtig bin,<br \/>\nf\u00fchle ich mich wie eine Elfe,<br \/>\ndie viel Macht hat.<\/p>\n<p style=\"text-align: center;\">&#8212;&#8212;&#8212;&#8212;&#8212;&#8212;&#8212;&#8212;&#8212;&#8212;&#8212;&#8212;&#8212;-<\/p>\n<p>Wir gratulieren den zwei Gewinnerinnen Iman und Nileyn zum Preis einer zweit\u00e4tigen Schreibwerkstatt in der sk-Stiftung im Mediapark mit dem K\u00f6lner Autor Manfred Theisen und freuen uns \u00fcber Berichte ihrer Eindr\u00fccke und Erfahrungen.<\/p>\n<p>St. Maul<\/p>\n<p>(Deutschlehrer)<\/p>\n","protected":false},"excerpt":{"rendered":"<p>Ein Bericht von Herrn Maul (Deutschlehrer) Im Rahmen des Deutschunterrichts besch\u00e4ftigten sich die Klasse 6.3 und 6.4 w\u00e4hren des Themas \u201eGedichte verstehen, vortragen und zusammenfassen\u201c auch mit dem Schreiben von Parallelgedichten. So entstanden zum Ausgangsgedicht \u201eWenn<a class=\"moretag\" href=\"https:\/\/hbg-koeln.de\/?p=5355\">Read More&#8230;<\/a><\/p>\n","protected":false},"author":11,"featured_media":0,"comment_status":"closed","ping_status":"open","sticky":false,"template":"","format":"standard","meta":{"ngg_post_thumbnail":0,"footnotes":""},"categories":[1],"tags":[],"class_list":["post-5355","post","type-post","status-publish","format-standard","hentry","category-allgemein"],"_links":{"self":[{"href":"https:\/\/hbg-koeln.de\/index.php?rest_route=\/wp\/v2\/posts\/5355","targetHints":{"allow":["GET"]}}],"collection":[{"href":"https:\/\/hbg-koeln.de\/index.php?rest_route=\/wp\/v2\/posts"}],"about":[{"href":"https:\/\/hbg-koeln.de\/index.php?rest_route=\/wp\/v2\/types\/post"}],"author":[{"embeddable":true,"href":"https:\/\/hbg-koeln.de\/index.php?rest_route=\/wp\/v2\/users\/11"}],"replies":[{"embeddable":true,"href":"https:\/\/hbg-koeln.de\/index.php?rest_route=%2Fwp%2Fv2%2Fcomments&post=5355"}],"version-history":[{"count":1,"href":"https:\/\/hbg-koeln.de\/index.php?rest_route=\/wp\/v2\/posts\/5355\/revisions"}],"predecessor-version":[{"id":5356,"href":"https:\/\/hbg-koeln.de\/index.php?rest_route=\/wp\/v2\/posts\/5355\/revisions\/5356"}],"wp:attachment":[{"href":"https:\/\/hbg-koeln.de\/index.php?rest_route=%2Fwp%2Fv2%2Fmedia&parent=5355"}],"wp:term":[{"taxonomy":"category","embeddable":true,"href":"https:\/\/hbg-koeln.de\/index.php?rest_route=%2Fwp%2Fv2%2Fcategories&post=5355"},{"taxonomy":"post_tag","embeddable":true,"href":"https:\/\/hbg-koeln.de\/index.php?rest_route=%2Fwp%2Fv2%2Ftags&post=5355"}],"curies":[{"name":"wp","href":"https:\/\/api.w.org\/{rel}","templated":true}]}}