{"id":5377,"date":"2017-05-03T21:11:16","date_gmt":"2017-05-03T19:11:16","guid":{"rendered":"http:\/\/hbg-koeln.de\/?p=5377"},"modified":"2017-05-18T20:48:51","modified_gmt":"2017-05-18T18:48:51","slug":"weimar-gruppenfotoexkursion-nach-weimar","status":"publish","type":"post","link":"https:\/\/hbg-koeln.de\/?p=5377","title":{"rendered":"Weimar Exkursion"},"content":{"rendered":"<p><a href=\"http:\/\/hbg-koeln.de\/wp-content\/uploads\/2017\/05\/Weimar-Gruppenfoto-e1493838620215.jpg\"><img loading=\"lazy\" decoding=\"async\" class=\"alignleft wp-image-5378\" src=\"http:\/\/hbg-koeln.de\/wp-content\/uploads\/2017\/05\/Weimar-Gruppenfoto-e1493838620215-768x1024.jpg\" alt=\"Weimar Gruppenfoto\" width=\"244\" height=\"325\" srcset=\"https:\/\/hbg-koeln.de\/wp-content\/uploads\/2017\/05\/Weimar-Gruppenfoto-e1493838620215-768x1024.jpg 768w, https:\/\/hbg-koeln.de\/wp-content\/uploads\/2017\/05\/Weimar-Gruppenfoto-e1493838620215-225x300.jpg 225w\" sizes=\"auto, (max-width: 244px) 100vw, 244px\" \/><\/a><em>Ein Bericht von von Marlon Henke (Q2)<br \/>\n<\/em><\/p>\n<p>Vom 24. bis 26. M\u00e4rz fand eine freiwillige Exkursion nach Weimar statt, an der neun Sch\u00fclerinnen und Sch\u00fcler aus dem 13. Jahrgang teilnahmen.<\/p>\n<p>Am Samstagvormittag fuhren wir zur Gedenkst\u00e4tte Buchenwald auf dem Ettersberg, wo eine interessante F\u00fchrung \u00fcber das Gel\u00e4nde des ehemaligen Konzentrationslagers auf dem Programm stand. Nach der F\u00fchrung nahmen wir uns viel Zeit, die Gedenkst\u00e4tte sowie das dazugeh\u00f6rige Museum zu besichtigen. Das Museum bot auf mehreren Etagen eine Vielzahl von eindrucksvollen Berichten \u00fcber das Schicksal der im Konzentrationslager Buchenwald inhaftierten Menschen.<\/p>\n<p>Am Abend trafen wir uns, um gemeinsam in einer Brauerei essen zu gehen. Nach dem Abendessen sa\u00dfen wir in der Lobby unseres Hostels noch lange zusammen und lie\u00dfen den Abend ausklingen.<\/p>\n<p>Vor unserer R\u00fcckreise am Sonntagnachmittag nahmen wir an einer Stadtf\u00fchrung durch das sch\u00f6ne und geschichtstr\u00e4chtige Zentrum Weimars teil.<\/p>\n<p>Die Exkursion hat uns allen sehr viel Freude bereitet. Wir bedanken uns bei Herrn Becker und Frau Kreutz f\u00fcr die Organisation und Begleitung.<\/p>\n","protected":false},"excerpt":{"rendered":"<p>Ein Bericht von von Marlon Henke (Q2) Vom 24. bis 26. M\u00e4rz fand eine freiwillige Exkursion nach Weimar statt, an der neun Sch\u00fclerinnen und Sch\u00fcler aus dem 13. Jahrgang teilnahmen. Am Samstagvormittag fuhren wir zur Gedenkst\u00e4tte<a class=\"moretag\" href=\"https:\/\/hbg-koeln.de\/?p=5377\">Read More&#8230;<\/a><\/p>\n","protected":false},"author":11,"featured_media":0,"comment_status":"closed","ping_status":"open","sticky":false,"template":"","format":"standard","meta":{"ngg_post_thumbnail":0,"footnotes":""},"categories":[1],"tags":[],"class_list":["post-5377","post","type-post","status-publish","format-standard","hentry","category-allgemein"],"_links":{"self":[{"href":"https:\/\/hbg-koeln.de\/index.php?rest_route=\/wp\/v2\/posts\/5377","targetHints":{"allow":["GET"]}}],"collection":[{"href":"https:\/\/hbg-koeln.de\/index.php?rest_route=\/wp\/v2\/posts"}],"about":[{"href":"https:\/\/hbg-koeln.de\/index.php?rest_route=\/wp\/v2\/types\/post"}],"author":[{"embeddable":true,"href":"https:\/\/hbg-koeln.de\/index.php?rest_route=\/wp\/v2\/users\/11"}],"replies":[{"embeddable":true,"href":"https:\/\/hbg-koeln.de\/index.php?rest_route=%2Fwp%2Fv2%2Fcomments&post=5377"}],"version-history":[{"count":4,"href":"https:\/\/hbg-koeln.de\/index.php?rest_route=\/wp\/v2\/posts\/5377\/revisions"}],"predecessor-version":[{"id":5401,"href":"https:\/\/hbg-koeln.de\/index.php?rest_route=\/wp\/v2\/posts\/5377\/revisions\/5401"}],"wp:attachment":[{"href":"https:\/\/hbg-koeln.de\/index.php?rest_route=%2Fwp%2Fv2%2Fmedia&parent=5377"}],"wp:term":[{"taxonomy":"category","embeddable":true,"href":"https:\/\/hbg-koeln.de\/index.php?rest_route=%2Fwp%2Fv2%2Fcategories&post=5377"},{"taxonomy":"post_tag","embeddable":true,"href":"https:\/\/hbg-koeln.de\/index.php?rest_route=%2Fwp%2Fv2%2Ftags&post=5377"}],"curies":[{"name":"wp","href":"https:\/\/api.w.org\/{rel}","templated":true}]}}