{"id":5410,"date":"2017-05-18T23:15:43","date_gmt":"2017-05-18T21:15:43","guid":{"rendered":"http:\/\/hbg-koeln.de\/?p=5410"},"modified":"2017-05-19T13:19:23","modified_gmt":"2017-05-19T11:19:23","slug":"neubelebung-des-berufemarkts-an-der-hbg","status":"publish","type":"post","link":"https:\/\/hbg-koeln.de\/?p=5410","title":{"rendered":"Neubelebung des Berufemarkts an der HBG"},"content":{"rendered":"<p><em>Ein Bericht von Frau Meurer, Herr Kn\u00e4bel, Herr Maul<\/em><\/p>\n<p><a href=\"http:\/\/hbg-koeln.de\/wp-content\/uploads\/2017\/05\/IMG_20170511_191713-e1495192668627.jpg\"><img loading=\"lazy\" decoding=\"async\" class=\" wp-image-5411\" src=\"http:\/\/hbg-koeln.de\/wp-content\/uploads\/2017\/05\/IMG_20170511_191713-e1495192668627-1024x685.jpg\" alt=\"hdr\" width=\"208\" height=\"139\" srcset=\"https:\/\/hbg-koeln.de\/wp-content\/uploads\/2017\/05\/IMG_20170511_191713-e1495192668627-1024x685.jpg 1024w, https:\/\/hbg-koeln.de\/wp-content\/uploads\/2017\/05\/IMG_20170511_191713-e1495192668627-300x201.jpg 300w, https:\/\/hbg-koeln.de\/wp-content\/uploads\/2017\/05\/IMG_20170511_191713-e1495192668627-768x514.jpg 768w\" sizes=\"auto, (max-width: 208px) 100vw, 208px\" \/><\/a><\/p>\n<p>Am Mittwoch, den 11.05.2107, fanden sich im P\u00e4dagogischen Zentrum unserer Schule 16 Firmen ein, um am neubelebten Berufemarkt der Schule teilzunehmen.<\/p>\n<p>Hierbei hatten die Sch\u00fclerinnen und Sch\u00fcler und Eltern der acht 9ten und 10ten Klassen &nbsp;die M\u00f6glichkeiten, die verschiedenen Berufe der Unternehmen kennenzulernen und mit den Firmen \u00fcber Ausbildungsm\u00f6glichkeiten f\u00fcr das Jahr 2018\/19 ins Gespr\u00e4ch zu kommen. &nbsp;&nbsp;<\/p>\n<p>Insgesamt fanden viele gewinnbringende Gespr\u00e4che statt und wir freuen uns \u00fcber die erfolgreiche Neubelebung des Berufemarktes, der auch im n\u00e4chsten Jahr wieder seinen Platz an unserer Schule finden wird.<\/p>\n","protected":false},"excerpt":{"rendered":"<p>Ein Bericht von Frau Meurer, Herr Kn\u00e4bel, Herr Maul Am Mittwoch, den 11.05.2107, fanden sich im P\u00e4dagogischen Zentrum unserer Schule 16 Firmen ein, um am neubelebten Berufemarkt der Schule teilzunehmen. Hierbei hatten die Sch\u00fclerinnen und Sch\u00fcler<a class=\"moretag\" href=\"https:\/\/hbg-koeln.de\/?p=5410\">Read More&#8230;<\/a><\/p>\n","protected":false},"author":7,"featured_media":0,"comment_status":"closed","ping_status":"open","sticky":false,"template":"","format":"standard","meta":{"ngg_post_thumbnail":0,"footnotes":""},"categories":[1],"tags":[],"class_list":["post-5410","post","type-post","status-publish","format-standard","hentry","category-allgemein"],"_links":{"self":[{"href":"https:\/\/hbg-koeln.de\/index.php?rest_route=\/wp\/v2\/posts\/5410","targetHints":{"allow":["GET"]}}],"collection":[{"href":"https:\/\/hbg-koeln.de\/index.php?rest_route=\/wp\/v2\/posts"}],"about":[{"href":"https:\/\/hbg-koeln.de\/index.php?rest_route=\/wp\/v2\/types\/post"}],"author":[{"embeddable":true,"href":"https:\/\/hbg-koeln.de\/index.php?rest_route=\/wp\/v2\/users\/7"}],"replies":[{"embeddable":true,"href":"https:\/\/hbg-koeln.de\/index.php?rest_route=%2Fwp%2Fv2%2Fcomments&post=5410"}],"version-history":[{"count":1,"href":"https:\/\/hbg-koeln.de\/index.php?rest_route=\/wp\/v2\/posts\/5410\/revisions"}],"predecessor-version":[{"id":5412,"href":"https:\/\/hbg-koeln.de\/index.php?rest_route=\/wp\/v2\/posts\/5410\/revisions\/5412"}],"wp:attachment":[{"href":"https:\/\/hbg-koeln.de\/index.php?rest_route=%2Fwp%2Fv2%2Fmedia&parent=5410"}],"wp:term":[{"taxonomy":"category","embeddable":true,"href":"https:\/\/hbg-koeln.de\/index.php?rest_route=%2Fwp%2Fv2%2Fcategories&post=5410"},{"taxonomy":"post_tag","embeddable":true,"href":"https:\/\/hbg-koeln.de\/index.php?rest_route=%2Fwp%2Fv2%2Ftags&post=5410"}],"curies":[{"name":"wp","href":"https:\/\/api.w.org\/{rel}","templated":true}]}}