{"id":5470,"date":"2017-07-02T21:44:29","date_gmt":"2017-07-02T19:44:29","guid":{"rendered":"http:\/\/hbg-koeln.de\/?p=5470"},"modified":"2017-07-05T11:57:49","modified_gmt":"2017-07-05T09:57:49","slug":"zum-100-geburtstag-von-heinrich-boell","status":"publish","type":"post","link":"https:\/\/hbg-koeln.de\/?p=5470","title":{"rendered":"Zum 100. Geburtstag von Heinrich B\u00f6ll"},"content":{"rendered":"<p>Am 21.12.2017 w\u00e4re Heinrich B\u00f6ll, der Namensgeber unserer Schule, 100 Jahre alt geworden. Dies war f\u00fcr uns der Anlass, ein gro\u00dfes Geburtstagsfest zu feiern.<br \/>\n&nbsp;<a href=\"http:\/\/hbg-koeln.de\/wp-content\/uploads\/2017\/07\/Band.jpg\"><img loading=\"lazy\" decoding=\"async\" class=\"wp-image-5472 alignleft\" src=\"http:\/\/hbg-koeln.de\/wp-content\/uploads\/2017\/07\/Band-300x200.jpg\" alt=\"Band\" width=\"243\" height=\"162\" srcset=\"https:\/\/hbg-koeln.de\/wp-content\/uploads\/2017\/07\/Band-300x200.jpg 300w, https:\/\/hbg-koeln.de\/wp-content\/uploads\/2017\/07\/Band-768x512.jpg 768w, https:\/\/hbg-koeln.de\/wp-content\/uploads\/2017\/07\/Band-1024x682.jpg 1024w, https:\/\/hbg-koeln.de\/wp-content\/uploads\/2017\/07\/Band.jpg 1181w\" sizes=\"auto, (max-width: 243px) 100vw, 243px\" \/><\/a> Der Beginn des Festwochenendes war ein festlicher Abend am Freitag, dem 9. Juni. Die ganze Schulgemeinde, Kolleg*innen, Sch\u00fcler*innen und Elternvertreter*innen, ehemalige Kolleg*innen, Mitarbeiter*innen, G\u00e4ste von benachbarten Schulen und aus der Bezirksregierung &#8211; sie alle erlebten ein Programm, bei dem Heinrich B\u00f6ll auf unterschiedlichste Weise gew\u00fcrdigt wurde. Der Abend begann furios mit der Big Band unserer Schule &#8211; daran anschlie\u00dfend betonte der Schulleiter Rolf Grisard die Bedeutung, die Freiheit und Unabh\u00e4ngigkeit auch heute noch in unserem Schulalltag haben.<!--moreHier weiterlesen--><br \/>\n<a href=\"http:\/\/hbg-koeln.de\/wp-content\/uploads\/2017\/07\/Brasil.jpg\"><img loading=\"lazy\" decoding=\"async\" class=\"wp-image-5473 alignright\" src=\"http:\/\/hbg-koeln.de\/wp-content\/uploads\/2017\/07\/Brasil-300x200.jpg\" alt=\"Brasil\" width=\"242\" height=\"161\" srcset=\"https:\/\/hbg-koeln.de\/wp-content\/uploads\/2017\/07\/Brasil-300x200.jpg 300w, https:\/\/hbg-koeln.de\/wp-content\/uploads\/2017\/07\/Brasil-768x512.jpg 768w, https:\/\/hbg-koeln.de\/wp-content\/uploads\/2017\/07\/Brasil-1024x682.jpg 1024w, https:\/\/hbg-koeln.de\/wp-content\/uploads\/2017\/07\/Brasil.jpg 1181w\" sizes=\"auto, (max-width: 242px) 100vw, 242px\" \/><\/a> Die G\u00e4ste aus Rio de Janeiro, die in dieser Woche in unserer Schule zu Besuch waren, begeisterten mit einem Batacuda, der Heinrich B\u00f6ll, der eine enge Beziehung nach S\u00fcdamerika hatte, sicher gefallen h\u00e4tte. Reinhold Joppich, Verlagsbuchh\u00e4ndler und, wie die Wochenzeitschrift &#8222;Die Zeit&#8220; ihn beschreibt, ein &#8218;brillanter B\u00fcchervermittler&#8216; erz\u00e4hlte sehr lebendig von seinen pers\u00f6nlichen Begegnungen mit Heinrich B\u00f6ll und stellte nicht nur das politische Engagement B\u00f6lls, sondern vor allem seine Menschlichkeit und Liebensw\u00fcrdigkeit in den Mittelpunkt seiner Rede. Daran anschlie\u00dfend spielte eine Gruppe aus (ehemaligen) und benachbarten Kolleg*innen drei irische Lieder, die begleitet wurden von kurzen Texten aus dem &#8222;Irischen Tagebuch&#8220;, in denen der besondere Humor Heinrich B\u00f6lls sp\u00fcrbar wurde und eine Gelassenheit, die sicher auch im heutigen Alltag hilfreich sein k\u00f6nnte.<br \/>\n<a href=\"http:\/\/hbg-koeln.de\/wp-content\/uploads\/2017\/07\/SOR.jpg\"><img loading=\"lazy\" decoding=\"async\" class=\"wp-image-5476 alignleft\" src=\"http:\/\/hbg-koeln.de\/wp-content\/uploads\/2017\/07\/SOR-300x200.jpg\" alt=\"SOR\" width=\"242\" height=\"161\" srcset=\"https:\/\/hbg-koeln.de\/wp-content\/uploads\/2017\/07\/SOR-300x200.jpg 300w, https:\/\/hbg-koeln.de\/wp-content\/uploads\/2017\/07\/SOR-768x512.jpg 768w, https:\/\/hbg-koeln.de\/wp-content\/uploads\/2017\/07\/SOR-1024x682.jpg 1024w, https:\/\/hbg-koeln.de\/wp-content\/uploads\/2017\/07\/SOR.jpg 1181w\" sizes=\"auto, (max-width: 242px) 100vw, 242px\" \/><\/a>Konsequent fortgesetzt wurde das Programm mit der Verleihung der Urkunde &#8222;Schule ohne Rassismus &#8211; Schule mit Courage&#8220;. Die Patenschaft haben auf Anfrage der SV die Oberb\u00fcrgermeisterin Henriette Reker, die im Interview zu sehen war, und der Fl\u00fcchtlings-koordinator Hans-J\u00fcrgen Oster, der in einer kurzen Rede weitere Unterst\u00fctzung zusicherte, \u00fcbernommen. Frau Renate Bonow vom Netzwerk &#8222;Schule ohne Rassismus&#8220; mahnte in ihrer Rede noch einmal, wie wichtig es sei, die Augen offen zu halten und aktiv gegen den \u00fcberall vorhandenen allt\u00e4glichen Rassismus vorzugehen.<br \/>\n<a href=\"http:\/\/hbg-koeln.de\/wp-content\/uploads\/2017\/07\/David-Buhl.jpg\"><img loading=\"lazy\" decoding=\"async\" class=\"wp-image-5474 alignright\" src=\"http:\/\/hbg-koeln.de\/wp-content\/uploads\/2017\/07\/David-Buhl-300x200.jpg\" alt=\"David-Buhl\" width=\"243\" height=\"162\" srcset=\"https:\/\/hbg-koeln.de\/wp-content\/uploads\/2017\/07\/David-Buhl-300x200.jpg 300w, https:\/\/hbg-koeln.de\/wp-content\/uploads\/2017\/07\/David-Buhl-768x512.jpg 768w, https:\/\/hbg-koeln.de\/wp-content\/uploads\/2017\/07\/David-Buhl-1024x682.jpg 1024w, https:\/\/hbg-koeln.de\/wp-content\/uploads\/2017\/07\/David-Buhl.jpg 1181w\" sizes=\"auto, (max-width: 243px) 100vw, 243px\" \/><\/a>Der bewegendste Moment des Abends war allerdings f\u00fcr viele Zuschauer der Poetry-Slam-Vortrag von Ren\u00e9 Buhl aus der 9. Klasse. Seine Worte trafen genau, was Heinrich B\u00f6ll f\u00fcr uns heute bedeuten kann: &#8222;Heinrich B\u00f6ll hat gesagt &#8218;Freiheit wird nie geschenkt &#8211; immer nur gewonnen&#8216;. Also k\u00e4mpfe um deine Freiheit, und nimm dir die Kraft DU SELBST zu sein. Ich bin nicht Ich selbst, Ich sollte ich selbst sein&#8230; Wir alle sollten Wir selbst sein&#8230; Denn Selbst sein und ENFACH MAL LEBEN&#8230; ist beispiellos das beste Mittel, um sich lebendig zu f\u00fchlen.&#8220; (vollst\u00e4ndiger Text: <a href=\"http:\/\/hbg-koeln.de\/wp-content\/uploads\/2017\/07\/Buhl-Text.pdf\">hier<\/a>)<br \/>\n<a href=\"http:\/\/hbg-koeln.de\/wp-content\/uploads\/2017\/07\/DG1.jpg\"><img loading=\"lazy\" decoding=\"async\" class=\"wp-image-5475 alignleft\" src=\"http:\/\/hbg-koeln.de\/wp-content\/uploads\/2017\/07\/DG1-300x200.jpg\" alt=\"DG1\" width=\"242\" height=\"161\" srcset=\"https:\/\/hbg-koeln.de\/wp-content\/uploads\/2017\/07\/DG1-300x200.jpg 300w, https:\/\/hbg-koeln.de\/wp-content\/uploads\/2017\/07\/DG1-768x512.jpg 768w, https:\/\/hbg-koeln.de\/wp-content\/uploads\/2017\/07\/DG1-1024x682.jpg 1024w, https:\/\/hbg-koeln.de\/wp-content\/uploads\/2017\/07\/DG1.jpg 1181w\" sizes=\"auto, (max-width: 242px) 100vw, 242px\" \/><\/a>Am Samstag dann trafen sich alle wieder zum gro\u00dfen gemeinsamen Schulfest, auf dem bei strahlendem Sonnenschein gespielt, gegessen, getrunken, geredet und einfach gefeiert wurde. Auch hier wurde Heinrich B\u00f6ll auf verschiedenste Weise gew\u00fcrdigt &#8211; alle Klassen hatten sich mit Texten und der Person Heinrich B\u00f6ll besch\u00e4ftigt und zeigten ihre Ergebnisse, alle Darstellen und Gestalten Kurse thematisierten in ihren Auff\u00fchrungen Texte von Heinrich B\u00f6ll, es gab zahlreiche Ausstellungen und Aktionen. Auch wenn bei traumhaftem Wetter kaum Zeit und Gelegenheit war, sich alles ganz in Ruhe anzuschauen &#8211; es war beeindruckend zu sehen, wie viele Sch\u00fcler*innen sich intensiv mit dem Menschen und dem Werk Heinrich B\u00f6lls besch\u00e4ftigt hatten und gerade die ruhigen Momente, wie die Lesungen im wunderbar eingerichteten Klassenraum oder die Videos im Traumland schufen eine ganz besondere Atmosph\u00e4re.<br \/>\n(Autorin: Regine Brand-Schmidtlein)<br \/>\n<a href=\"http:\/\/hbg-koeln.de\/wp-content\/uploads\/2017\/07\/ballons.jpg\"><img loading=\"lazy\" decoding=\"async\" class=\"aligncenter wp-image-5471\" src=\"http:\/\/hbg-koeln.de\/wp-content\/uploads\/2017\/07\/ballons-300x200.jpg\" alt=\"ballons\" width=\"407\" height=\"271\" srcset=\"https:\/\/hbg-koeln.de\/wp-content\/uploads\/2017\/07\/ballons-300x200.jpg 300w, https:\/\/hbg-koeln.de\/wp-content\/uploads\/2017\/07\/ballons-768x512.jpg 768w, https:\/\/hbg-koeln.de\/wp-content\/uploads\/2017\/07\/ballons-1024x682.jpg 1024w, https:\/\/hbg-koeln.de\/wp-content\/uploads\/2017\/07\/ballons.jpg 1181w\" sizes=\"auto, (max-width: 407px) 100vw, 407px\" \/><\/a><\/p>\n","protected":false},"excerpt":{"rendered":"<p>Am 21.12.2017 w\u00e4re Heinrich B\u00f6ll, der Namensgeber unserer Schule, 100 Jahre alt geworden. Dies war f\u00fcr uns der Anlass, ein gro\u00dfes Geburtstagsfest zu feiern. &nbsp; Der Beginn des Festwochenendes war ein festlicher Abend am Freitag, dem<a class=\"moretag\" href=\"https:\/\/hbg-koeln.de\/?p=5470\">Read More&#8230;<\/a><\/p>\n","protected":false},"author":11,"featured_media":0,"comment_status":"closed","ping_status":"open","sticky":false,"template":"","format":"standard","meta":{"ngg_post_thumbnail":0,"footnotes":""},"categories":[13,1],"tags":[],"class_list":["post-5470","post","type-post","status-publish","format-standard","hentry","category-aktuelles","category-allgemein"],"_links":{"self":[{"href":"https:\/\/hbg-koeln.de\/index.php?rest_route=\/wp\/v2\/posts\/5470","targetHints":{"allow":["GET"]}}],"collection":[{"href":"https:\/\/hbg-koeln.de\/index.php?rest_route=\/wp\/v2\/posts"}],"about":[{"href":"https:\/\/hbg-koeln.de\/index.php?rest_route=\/wp\/v2\/types\/post"}],"author":[{"embeddable":true,"href":"https:\/\/hbg-koeln.de\/index.php?rest_route=\/wp\/v2\/users\/11"}],"replies":[{"embeddable":true,"href":"https:\/\/hbg-koeln.de\/index.php?rest_route=%2Fwp%2Fv2%2Fcomments&post=5470"}],"version-history":[{"count":11,"href":"https:\/\/hbg-koeln.de\/index.php?rest_route=\/wp\/v2\/posts\/5470\/revisions"}],"predecessor-version":[{"id":5489,"href":"https:\/\/hbg-koeln.de\/index.php?rest_route=\/wp\/v2\/posts\/5470\/revisions\/5489"}],"wp:attachment":[{"href":"https:\/\/hbg-koeln.de\/index.php?rest_route=%2Fwp%2Fv2%2Fmedia&parent=5470"}],"wp:term":[{"taxonomy":"category","embeddable":true,"href":"https:\/\/hbg-koeln.de\/index.php?rest_route=%2Fwp%2Fv2%2Fcategories&post=5470"},{"taxonomy":"post_tag","embeddable":true,"href":"https:\/\/hbg-koeln.de\/index.php?rest_route=%2Fwp%2Fv2%2Ftags&post=5470"}],"curies":[{"name":"wp","href":"https:\/\/api.w.org\/{rel}","templated":true}]}}