{"id":5573,"date":"2017-07-19T17:40:45","date_gmt":"2017-07-19T15:40:45","guid":{"rendered":"http:\/\/hbg-koeln.de\/?p=5573"},"modified":"2017-07-19T17:42:14","modified_gmt":"2017-07-19T15:42:14","slug":"sommerferien-2","status":"publish","type":"post","link":"https:\/\/hbg-koeln.de\/?p=5573","title":{"rendered":"Sommerferien vom 17.07. &#8211; 29.08.2017"},"content":{"rendered":"<p><a href=\"http:\/\/hbg-koeln.de\/wp-content\/uploads\/2017\/07\/Schulevonoben.jpg\"><img loading=\"lazy\" decoding=\"async\" class=\" wp-image-5574 alignleft\" src=\"http:\/\/hbg-koeln.de\/wp-content\/uploads\/2017\/07\/Schulevonoben-300x225.jpg\" alt=\"Schulevonoben\" height=\"277\" width=\"369\" srcset=\"https:\/\/hbg-koeln.de\/wp-content\/uploads\/2017\/07\/Schulevonoben-300x225.jpg 300w, https:\/\/hbg-koeln.de\/wp-content\/uploads\/2017\/07\/Schulevonoben-768x577.jpg 768w, https:\/\/hbg-koeln.de\/wp-content\/uploads\/2017\/07\/Schulevonoben.jpg 787w\" sizes=\"auto, (max-width: 369px) 100vw, 369px\" \/><\/a><br \/>\nLiebe Sch\u00fclerinnen und Sch\u00fcler, liebe Eltern, liebe Lehrerinnen und Lehrer,<br \/>\nich w\u00fcnsche allen erholsame und sch\u00f6ne Ferientage.<br \/>\nMit herzlichem Gru\u00df<br \/>\nRolf Grisard (Schulleiter)<\/p>\n","protected":false},"excerpt":{"rendered":"<p>Liebe Sch\u00fclerinnen und Sch\u00fcler, liebe Eltern, liebe Lehrerinnen und Lehrer, ich w\u00fcnsche allen erholsame und sch\u00f6ne Ferientage. Mit herzlichem Gru\u00df Rolf Grisard (Schulleiter)<\/p>\n","protected":false},"author":9,"featured_media":0,"comment_status":"closed","ping_status":"open","sticky":false,"template":"","format":"standard","meta":{"ngg_post_thumbnail":0,"footnotes":""},"categories":[1],"tags":[],"class_list":["post-5573","post","type-post","status-publish","format-standard","hentry","category-allgemein"],"_links":{"self":[{"href":"https:\/\/hbg-koeln.de\/index.php?rest_route=\/wp\/v2\/posts\/5573","targetHints":{"allow":["GET"]}}],"collection":[{"href":"https:\/\/hbg-koeln.de\/index.php?rest_route=\/wp\/v2\/posts"}],"about":[{"href":"https:\/\/hbg-koeln.de\/index.php?rest_route=\/wp\/v2\/types\/post"}],"author":[{"embeddable":true,"href":"https:\/\/hbg-koeln.de\/index.php?rest_route=\/wp\/v2\/users\/9"}],"replies":[{"embeddable":true,"href":"https:\/\/hbg-koeln.de\/index.php?rest_route=%2Fwp%2Fv2%2Fcomments&post=5573"}],"version-history":[{"count":4,"href":"https:\/\/hbg-koeln.de\/index.php?rest_route=\/wp\/v2\/posts\/5573\/revisions"}],"predecessor-version":[{"id":5578,"href":"https:\/\/hbg-koeln.de\/index.php?rest_route=\/wp\/v2\/posts\/5573\/revisions\/5578"}],"wp:attachment":[{"href":"https:\/\/hbg-koeln.de\/index.php?rest_route=%2Fwp%2Fv2%2Fmedia&parent=5573"}],"wp:term":[{"taxonomy":"category","embeddable":true,"href":"https:\/\/hbg-koeln.de\/index.php?rest_route=%2Fwp%2Fv2%2Fcategories&post=5573"},{"taxonomy":"post_tag","embeddable":true,"href":"https:\/\/hbg-koeln.de\/index.php?rest_route=%2Fwp%2Fv2%2Ftags&post=5573"}],"curies":[{"name":"wp","href":"https:\/\/api.w.org\/{rel}","templated":true}]}}