{"id":5580,"date":"2017-09-04T12:40:45","date_gmt":"2017-09-04T10:40:45","guid":{"rendered":"http:\/\/hbg-koeln.de\/?p=5580"},"modified":"2017-09-07T12:18:10","modified_gmt":"2017-09-07T10:18:10","slug":"216-schuelerinnen-und-schueler-wurden-eingeschult","status":"publish","type":"post","link":"https:\/\/hbg-koeln.de\/?p=5580","title":{"rendered":"216 Sch\u00fclerinnen und Sch\u00fcler wurden eingeschult!"},"content":{"rendered":"<p><a href=\"http:\/\/hbg-koeln.de\/wp-content\/uploads\/2017\/09\/Einschulung1.jpg\"><img loading=\"lazy\" decoding=\"async\" class=\"wp-image-5581 alignleft\" src=\"http:\/\/hbg-koeln.de\/wp-content\/uploads\/2017\/09\/Einschulung1-300x133.jpg\" alt=\"Einschulung1\" width=\"604\" height=\"268\" srcset=\"https:\/\/hbg-koeln.de\/wp-content\/uploads\/2017\/09\/Einschulung1-300x133.jpg 300w, https:\/\/hbg-koeln.de\/wp-content\/uploads\/2017\/09\/Einschulung1-768x341.jpg 768w, https:\/\/hbg-koeln.de\/wp-content\/uploads\/2017\/09\/Einschulung1-1024x454.jpg 1024w, https:\/\/hbg-koeln.de\/wp-content\/uploads\/2017\/09\/Einschulung1.jpg 1181w\" sizes=\"auto, (max-width: 604px) 100vw, 604px\" \/><\/a><\/p>\n<p>Wie in jedem Jahr begann f\u00fcr 216 Sch\u00fclerinnen und Sch\u00fcler am Mittwoch, den 30.August ein neuer Lebensabschnitt in der Heinrich-B\u00f6ll-Gesamtschule. Eltern und Kinder freuten sich im P\u00e4dagogischen Zentrum \u00fcber eine kurzweilige Feier mit Auftritten der BigBand, des Schulchors und einer auch optisch interessanten Rede des Schulleiters, Rolf Grisard, der seinen Begr\u00fc\u00dfungstext mit kleinen Jonglierkunstst\u00fccken untermalte. &#8222;Miteinander lernen wir, gemeinsam sind wir erfolgreich&#8220;, war das Motto seiner Pr\u00e4sentation. Nach der Begr\u00fc\u00dfung kamen die Sch\u00fclerinnen und Sch\u00fcler zum ersten Mal in ihren Klassen zusammen und lernten ihre Klassenlehrer kennen. In der Heinrich-B\u00f6ll-Gesamtschule hat jede Klasse zwei Klassenlehrer und manchmal kommt auch noch ein Sonderp\u00e4dagoge oder eine Sonderp\u00e4dagogin hinzu.<\/p>\n<p><a href=\"http:\/\/hbg-koeln.de\/wp-content\/uploads\/2017\/09\/Einschulung2.jpg\"><img loading=\"lazy\" decoding=\"async\" class=\"size-medium wp-image-5582 alignleft\" src=\"http:\/\/hbg-koeln.de\/wp-content\/uploads\/2017\/09\/Einschulung2-300x138.jpg\" alt=\"Einschulung2\" width=\"300\" height=\"138\" srcset=\"https:\/\/hbg-koeln.de\/wp-content\/uploads\/2017\/09\/Einschulung2-300x138.jpg 300w, https:\/\/hbg-koeln.de\/wp-content\/uploads\/2017\/09\/Einschulung2-768x352.jpg 768w, https:\/\/hbg-koeln.de\/wp-content\/uploads\/2017\/09\/Einschulung2-1024x470.jpg 1024w, https:\/\/hbg-koeln.de\/wp-content\/uploads\/2017\/09\/Einschulung2.jpg 1181w\" sizes=\"auto, (max-width: 300px) 100vw, 300px\" \/><\/a>W\u00e4hrend die Kinder Kontakt mit dem Klassenraum und ihren Mitsch\u00fclern aufnahmen, besuchten die Eltern den Schulgarten und die B\u00f6ll-Oase, einer von Eltern gef\u00fchrten Cafeteria, die sich immer \u00fcber Verst\u00e4rkung freut.<\/p>\n<p>Um 15 Uhr versammelten sich wieder alle auf dem Schulhof und als der Countdown heruntergez\u00e4hlt worden war, hie\u00df es &#8222;ready &#8211; go&#8220; und 216 Luftballon schwebten in den Himmel (oder ins Ge\u00e4st der umstehenden B\u00e4ume). Wir sind gespannt, welcher Ballon am weitesten flog.<\/p>\n<p>Den F\u00fcnftkl\u00e4sslern und allen anderen Sch\u00fclerinnen und Sch\u00fclern der Heinrich-B\u00f6ll-Gesamtschule w\u00fcnschen wir einen tollen Schulstart.<\/p>\n","protected":false},"excerpt":{"rendered":"<p>Wie in jedem Jahr begann f\u00fcr 216 Sch\u00fclerinnen und Sch\u00fcler am Mittwoch, den 30.August ein neuer Lebensabschnitt in der Heinrich-B\u00f6ll-Gesamtschule. Eltern und Kinder freuten sich im P\u00e4dagogischen Zentrum \u00fcber eine kurzweilige Feier mit Auftritten der BigBand,<a class=\"moretag\" href=\"https:\/\/hbg-koeln.de\/?p=5580\">Read More&#8230;<\/a><\/p>\n","protected":false},"author":11,"featured_media":0,"comment_status":"closed","ping_status":"open","sticky":false,"template":"","format":"standard","meta":{"ngg_post_thumbnail":0,"footnotes":""},"categories":[1],"tags":[],"class_list":["post-5580","post","type-post","status-publish","format-standard","hentry","category-allgemein"],"_links":{"self":[{"href":"https:\/\/hbg-koeln.de\/index.php?rest_route=\/wp\/v2\/posts\/5580","targetHints":{"allow":["GET"]}}],"collection":[{"href":"https:\/\/hbg-koeln.de\/index.php?rest_route=\/wp\/v2\/posts"}],"about":[{"href":"https:\/\/hbg-koeln.de\/index.php?rest_route=\/wp\/v2\/types\/post"}],"author":[{"embeddable":true,"href":"https:\/\/hbg-koeln.de\/index.php?rest_route=\/wp\/v2\/users\/11"}],"replies":[{"embeddable":true,"href":"https:\/\/hbg-koeln.de\/index.php?rest_route=%2Fwp%2Fv2%2Fcomments&post=5580"}],"version-history":[{"count":1,"href":"https:\/\/hbg-koeln.de\/index.php?rest_route=\/wp\/v2\/posts\/5580\/revisions"}],"predecessor-version":[{"id":5583,"href":"https:\/\/hbg-koeln.de\/index.php?rest_route=\/wp\/v2\/posts\/5580\/revisions\/5583"}],"wp:attachment":[{"href":"https:\/\/hbg-koeln.de\/index.php?rest_route=%2Fwp%2Fv2%2Fmedia&parent=5580"}],"wp:term":[{"taxonomy":"category","embeddable":true,"href":"https:\/\/hbg-koeln.de\/index.php?rest_route=%2Fwp%2Fv2%2Fcategories&post=5580"},{"taxonomy":"post_tag","embeddable":true,"href":"https:\/\/hbg-koeln.de\/index.php?rest_route=%2Fwp%2Fv2%2Ftags&post=5580"}],"curies":[{"name":"wp","href":"https:\/\/api.w.org\/{rel}","templated":true}]}}