{"id":5750,"date":"2017-12-10T09:36:38","date_gmt":"2017-12-10T07:36:38","guid":{"rendered":"http:\/\/hbg-koeln.de\/?p=5750"},"modified":"2017-12-10T17:07:27","modified_gmt":"2017-12-10T15:07:27","slug":"tag-der-offenen-tuer-2017","status":"publish","type":"post","link":"https:\/\/hbg-koeln.de\/?p=5750","title":{"rendered":"Tag der offenen T\u00fcr 2017"},"content":{"rendered":"<p>&nbsp;<\/p>\n<table>\n<tbody>\n<tr>\n<td><a href=\"http:\/\/hbg-koeln.de\/wp-content\/uploads\/2017\/12\/Kunst.jpg\"><img loading=\"lazy\" decoding=\"async\" class=\"aligncenter size-medium wp-image-5754\" src=\"http:\/\/hbg-koeln.de\/wp-content\/uploads\/2017\/12\/Kunst-300x200.jpg\" alt=\"\" height=\"100\" width=\"150\" srcset=\"https:\/\/hbg-koeln.de\/wp-content\/uploads\/2017\/12\/Kunst-300x200.jpg 300w, https:\/\/hbg-koeln.de\/wp-content\/uploads\/2017\/12\/Kunst-768x512.jpg 768w, https:\/\/hbg-koeln.de\/wp-content\/uploads\/2017\/12\/Kunst-600x400.jpg 600w, https:\/\/hbg-koeln.de\/wp-content\/uploads\/2017\/12\/Kunst.jpg 886w\" sizes=\"auto, (max-width: 150px) 100vw, 150px\" \/><\/a><\/td>\n<td><a href=\"http:\/\/hbg-koeln.de\/wp-content\/uploads\/2017\/12\/Karten.jpg\"><img loading=\"lazy\" decoding=\"async\" class=\"aligncenter size-medium wp-image-5753\" src=\"http:\/\/hbg-koeln.de\/wp-content\/uploads\/2017\/12\/Karten-300x200.jpg\" alt=\"\" height=\"100\" width=\"150\" srcset=\"https:\/\/hbg-koeln.de\/wp-content\/uploads\/2017\/12\/Karten-300x200.jpg 300w, https:\/\/hbg-koeln.de\/wp-content\/uploads\/2017\/12\/Karten-768x512.jpg 768w, https:\/\/hbg-koeln.de\/wp-content\/uploads\/2017\/12\/Karten-600x400.jpg 600w, https:\/\/hbg-koeln.de\/wp-content\/uploads\/2017\/12\/Karten.jpg 886w\" sizes=\"auto, (max-width: 150px) 100vw, 150px\" \/><\/a><\/td>\n<td><a href=\"http:\/\/hbg-koeln.de\/wp-content\/uploads\/2017\/12\/Change.jpg\"><img loading=\"lazy\" decoding=\"async\" class=\"aligncenter size-medium wp-image-5752\" src=\"http:\/\/hbg-koeln.de\/wp-content\/uploads\/2017\/12\/Change-300x200.jpg\" alt=\"\" height=\"100\" width=\"150\" srcset=\"https:\/\/hbg-koeln.de\/wp-content\/uploads\/2017\/12\/Change-300x200.jpg 300w, https:\/\/hbg-koeln.de\/wp-content\/uploads\/2017\/12\/Change-768x512.jpg 768w, https:\/\/hbg-koeln.de\/wp-content\/uploads\/2017\/12\/Change-600x400.jpg 600w, https:\/\/hbg-koeln.de\/wp-content\/uploads\/2017\/12\/Change.jpg 886w\" sizes=\"auto, (max-width: 150px) 100vw, 150px\" \/><\/a><\/td>\n<\/tr>\n<\/tbody>\n<\/table>\n<p>Am Samstag, den 02.12.2017 \u00f6ffneten wir unsere T\u00fcren f\u00fcr interessierte Eltern und Sch\u00fclerinnen und Sch\u00fcler. In einer freundlichen und entspannten Atmosph\u00e4re nahmen viele Besucher die M\u00f6glichkeit wahr, Unterricht zu besuchen, Gespr\u00e4che mit den Lehrkr\u00e4ften zu f\u00fchren und sich von den vielf\u00e4ltigen Angeboten im Ganztag \u00fcberraschen zu lassen. In der Bibliothek war die &#8222;B\u00f6ll-Ausstellung&#8220; zu sehen (organisiert von Frau Geske), im Sekretariat war es m\u00f6glich, Anmeldegespr\u00e4che zu vereinbaren und unser Hausmeister half, wo technische Probleme gel\u00f6st werden mussten. Unsere gro\u00dfer Dank geht auch an unsere Eltern, die im P\u00e4dagogischen Zentrum und in der B\u00f6ll-Oase f\u00fcr das leibliche Wohl sorgten.<\/p>\n<p>Informationen zu den Anmeldeverfahren finden Sie <a href=\"http:\/\/hbg-koeln.de\/?page_id=5719\">hier<\/a>.<\/p>\n","protected":false},"excerpt":{"rendered":"<p>&nbsp; Am Samstag, den 02.12.2017 \u00f6ffneten wir unsere T\u00fcren f\u00fcr interessierte Eltern und Sch\u00fclerinnen und Sch\u00fcler. In einer freundlichen und entspannten Atmosph\u00e4re nahmen viele Besucher die M\u00f6glichkeit wahr, Unterricht zu besuchen, Gespr\u00e4che mit den Lehrkr\u00e4ften zu<a class=\"moretag\" href=\"https:\/\/hbg-koeln.de\/?p=5750\">Read More&#8230;<\/a><\/p>\n","protected":false},"author":7,"featured_media":0,"comment_status":"closed","ping_status":"open","sticky":false,"template":"","format":"standard","meta":{"ngg_post_thumbnail":0,"footnotes":""},"categories":[1],"tags":[],"class_list":["post-5750","post","type-post","status-publish","format-standard","hentry","category-allgemein"],"_links":{"self":[{"href":"https:\/\/hbg-koeln.de\/index.php?rest_route=\/wp\/v2\/posts\/5750","targetHints":{"allow":["GET"]}}],"collection":[{"href":"https:\/\/hbg-koeln.de\/index.php?rest_route=\/wp\/v2\/posts"}],"about":[{"href":"https:\/\/hbg-koeln.de\/index.php?rest_route=\/wp\/v2\/types\/post"}],"author":[{"embeddable":true,"href":"https:\/\/hbg-koeln.de\/index.php?rest_route=\/wp\/v2\/users\/7"}],"replies":[{"embeddable":true,"href":"https:\/\/hbg-koeln.de\/index.php?rest_route=%2Fwp%2Fv2%2Fcomments&post=5750"}],"version-history":[{"count":6,"href":"https:\/\/hbg-koeln.de\/index.php?rest_route=\/wp\/v2\/posts\/5750\/revisions"}],"predecessor-version":[{"id":5759,"href":"https:\/\/hbg-koeln.de\/index.php?rest_route=\/wp\/v2\/posts\/5750\/revisions\/5759"}],"wp:attachment":[{"href":"https:\/\/hbg-koeln.de\/index.php?rest_route=%2Fwp%2Fv2%2Fmedia&parent=5750"}],"wp:term":[{"taxonomy":"category","embeddable":true,"href":"https:\/\/hbg-koeln.de\/index.php?rest_route=%2Fwp%2Fv2%2Fcategories&post=5750"},{"taxonomy":"post_tag","embeddable":true,"href":"https:\/\/hbg-koeln.de\/index.php?rest_route=%2Fwp%2Fv2%2Ftags&post=5750"}],"curies":[{"name":"wp","href":"https:\/\/api.w.org\/{rel}","templated":true}]}}