{"id":5766,"date":"2018-01-09T20:44:01","date_gmt":"2018-01-09T18:44:01","guid":{"rendered":"http:\/\/hbg-koeln.de\/?p=5766"},"modified":"2018-01-09T21:42:50","modified_gmt":"2018-01-09T19:42:50","slug":"2018-wird-ein-spannendes-jahr","status":"publish","type":"post","link":"https:\/\/hbg-koeln.de\/?p=5766","title":{"rendered":"2018 wird ein spannendes Jahr"},"content":{"rendered":"<p><strong>Lieber Sch\u00fclerinnen und Sch\u00fcler, liebe Eltern, liebe Leserinnen und Leser unserer Homepage<\/strong>,<\/p>\n<p>nachdem wir im letzten Jahr den 100. Geburtstag von Heinrich B\u00f6ll gefeiert haben und wir uns vorgenommen haben, dass wir diesem Namen auch gerecht werden wollen, starten wir nun in ein neues Jahr.<br \/>\nWir wollen bleiben, was wir sind, n\u00e4mlich eine Gesamtschule, in der alle Sch\u00fclerinnen und Sch\u00fcler willkommen sind. Wichtig sind uns guter Unterricht, viele offene Ohren und auch der Mut, Neues auszuprobieren.<br \/>\n<strong>Zu einem gelungenen Schuljahr geh\u00f6ren auch &#8222;Highlights&#8220;.<\/strong> In diesem Jahr sind wir wieder<\/p>\n<ul>\n<li>am Karnevalssonntag bei den Schull- und Veedelsz\u00f6ch dabei.<\/li>\n<li>Es gibt im Juli die gro\u00dfe Zirkusauff\u00fchrung und das Kulturfestival.<\/li>\n<li>Wir freuen uns auf das Radrennen rund um die Schule.<\/li>\n<li>Eine neue Sportprofilklasse soll eingerichtet werden und<\/li>\n<li>im November ist auch ein Ehemaligentreffen geplant.<\/li>\n<\/ul>\n<p>Am 18.01. geht es gleich los mit dem Neujahrskonzert im PZ.<br \/>\n<strong>Als Schule m\u00f6chten wir uns weiterentwickeln:<\/strong><\/p>\n<ul>\n<li>Wir haben jetzt in allen R\u00e4umen die M\u00f6glichkeit, \u00fcber W-LAN das Internet f\u00fcr den Unterricht zu nutzen.<\/li>\n<li>Wir arbeiten an unserem Konzept, in den Lernzeiten die F\u00e4higkeit zu selbstst\u00e4ndigem Arbeiten zu verbessern.<\/li>\n<li>Wir sind &#8222;Schule ohne Rassismus&#8220; und die Sch\u00fclervertretung arbeitet hierzu an einem Projekt.<\/li>\n<li>Wir m\u00f6chten nat\u00fcrlich auch, dass sich alle Sch\u00fclerinnen und Sch\u00fcler wohl f\u00fchlen und unsere Angebote im Ganztag nutzen, um ihre St\u00e4rken zu entfalten.<\/li>\n<\/ul>\n<p>Uns ist wichtig, dass das Gemeinsame Lernen von Kindern mit und ohne sonderp\u00e4dagogischem Unterst\u00fctzungsbedarf gelingt. Auch um die zugewanderten Sch\u00fclerinnen und Sch\u00fcler k\u00fcmmern wir uns, so dass sie Freunde finden, unsere Sprache lernen und wie alle anderen den bestm\u00f6glichen Schulabschluss erreichen.&nbsp;<br \/>\n<strong>All das gelingt uns am besten in einer friedlichen und freundlichen Lernatmosph\u00e4re.<\/strong><\/p>\n<p>Gespannt schauen wir auf die geplante Generalinstandsetzung der Schule, der nach 42 Jahren eine Modernisierung nicht schaden wird. Zusammen mit dem Schultr\u00e4ger hat die Schulgemeinde die &#8222;neue&#8220; Schule geplant und wir sind jetzt neugierig, wann es losgeht. In diesem Jahr bleibt erst einmal r\u00e4umlich alles so, wie es jetzt ist.<\/p>\n<p>Heinrich B\u00f6ll hat einmal gesagt: &#8222;<strong>Man kann ja manchmal mehr riskieren, als man riskiert.<\/strong>&#8220; Das hei\u00dft f\u00fcr mich, dass man dem anderen zutraut, dass er seine Ideen verwirklicht und er an seinen Aufgaben w\u00e4chst, selbst wenn nicht immer alles gelingt.<\/p>\n<p>Ich w\u00fcnsche uns allen ein erfolgreiches und lebensfrohes Jahr 2018.<\/p>\n<p>Rolf Grisard (Schulleiter)<\/p>\n","protected":false},"excerpt":{"rendered":"<p>Lieber Sch\u00fclerinnen und Sch\u00fcler, liebe Eltern, liebe Leserinnen und Leser unserer Homepage, nachdem wir im letzten Jahr den 100. Geburtstag von Heinrich B\u00f6ll gefeiert haben und wir uns vorgenommen haben, dass wir diesem Namen auch gerecht<a class=\"moretag\" href=\"https:\/\/hbg-koeln.de\/?p=5766\">Read More&#8230;<\/a><\/p>\n","protected":false},"author":9,"featured_media":0,"comment_status":"closed","ping_status":"open","sticky":false,"template":"","format":"standard","meta":{"ngg_post_thumbnail":0,"footnotes":""},"categories":[13,1],"tags":[],"class_list":["post-5766","post","type-post","status-publish","format-standard","hentry","category-aktuelles","category-allgemein"],"_links":{"self":[{"href":"https:\/\/hbg-koeln.de\/index.php?rest_route=\/wp\/v2\/posts\/5766","targetHints":{"allow":["GET"]}}],"collection":[{"href":"https:\/\/hbg-koeln.de\/index.php?rest_route=\/wp\/v2\/posts"}],"about":[{"href":"https:\/\/hbg-koeln.de\/index.php?rest_route=\/wp\/v2\/types\/post"}],"author":[{"embeddable":true,"href":"https:\/\/hbg-koeln.de\/index.php?rest_route=\/wp\/v2\/users\/9"}],"replies":[{"embeddable":true,"href":"https:\/\/hbg-koeln.de\/index.php?rest_route=%2Fwp%2Fv2%2Fcomments&post=5766"}],"version-history":[{"count":10,"href":"https:\/\/hbg-koeln.de\/index.php?rest_route=\/wp\/v2\/posts\/5766\/revisions"}],"predecessor-version":[{"id":5776,"href":"https:\/\/hbg-koeln.de\/index.php?rest_route=\/wp\/v2\/posts\/5766\/revisions\/5776"}],"wp:attachment":[{"href":"https:\/\/hbg-koeln.de\/index.php?rest_route=%2Fwp%2Fv2%2Fmedia&parent=5766"}],"wp:term":[{"taxonomy":"category","embeddable":true,"href":"https:\/\/hbg-koeln.de\/index.php?rest_route=%2Fwp%2Fv2%2Fcategories&post=5766"},{"taxonomy":"post_tag","embeddable":true,"href":"https:\/\/hbg-koeln.de\/index.php?rest_route=%2Fwp%2Fv2%2Ftags&post=5766"}],"curies":[{"name":"wp","href":"https:\/\/api.w.org\/{rel}","templated":true}]}}