{"id":5808,"date":"2018-02-10T07:00:26","date_gmt":"2018-02-10T05:00:26","guid":{"rendered":"http:\/\/hbg-koeln.de\/?p=5808"},"modified":"2018-02-13T20:48:40","modified_gmt":"2018-02-13T18:48:40","slug":"anmeldung-fuer-das-schuljahr-2018-19","status":"publish","type":"post","link":"https:\/\/hbg-koeln.de\/?p=5808","title":{"rendered":"Anmeldung f\u00fcr das Schuljahr 2018\/19 abgeschlossen"},"content":{"rendered":"<p><span style=\"font-size: medium;\">Liebe Erziehungsberechtigte,<\/span><\/p>\n<p>wir bedanken uns bei allen Erziehungsberechtigten, die ihr Kind f\u00fcr den neuen f\u00fcnften Jahrgang des Schuljahrs 2018\/19 angemeldet haben. Die Bescheide \u00fcber die m\u00f6gliche Aufnahme oder Nicht-Aufnahme sollten bei Ihnen bis zum 23.02.2018 in Briefform ankommen. Wenn ihr Kind sonderp\u00e4dagogischen Unterst\u00fctzungsbedarf hat, kommen die Bescheide sp\u00e4ter.<\/p>\n<p>Eine Anmeldung f\u00fcr das Schuljahr 2018\/19 ist jetzt nicht mehr m\u00f6glich.<\/p>\n<p>Mit freundlichen Gr\u00fc\u00dfen<\/p>\n<p>Rolf Grisard<\/p>\n<hr>\n<p>Die<strong> Bewerbung f\u00fcr die gymnasiale Oberstufe<\/strong> (Klasse 11) ist noch bis zum 2.3.2018 m\u00f6glich.<br \/>\nAlle Informationen finden Sie dazu auf: <a href=\"http:\/\/www.anmeldung-s2.hbg-koeln.de\">www.anmeldung-s2.hbg-koeln.de<\/a><\/p>\n<p>Thomas Schulz<br \/>\nAbteilungsleiter SII<\/p>\n<hr>\n<p>&nbsp;<\/p>\n","protected":false},"excerpt":{"rendered":"<p>Liebe Erziehungsberechtigte, wir bedanken uns bei allen Erziehungsberechtigten, die ihr Kind f\u00fcr den neuen f\u00fcnften Jahrgang des Schuljahrs 2018\/19 angemeldet haben. Die Bescheide \u00fcber die m\u00f6gliche Aufnahme oder Nicht-Aufnahme sollten bei Ihnen bis zum 23.02.2018 in<a class=\"moretag\" href=\"https:\/\/hbg-koeln.de\/?p=5808\">Read More&#8230;<\/a><\/p>\n","protected":false},"author":9,"featured_media":0,"comment_status":"closed","ping_status":"open","sticky":false,"template":"","format":"standard","meta":{"ngg_post_thumbnail":0,"footnotes":""},"categories":[13,1],"tags":[],"class_list":["post-5808","post","type-post","status-publish","format-standard","hentry","category-aktuelles","category-allgemein"],"_links":{"self":[{"href":"https:\/\/hbg-koeln.de\/index.php?rest_route=\/wp\/v2\/posts\/5808","targetHints":{"allow":["GET"]}}],"collection":[{"href":"https:\/\/hbg-koeln.de\/index.php?rest_route=\/wp\/v2\/posts"}],"about":[{"href":"https:\/\/hbg-koeln.de\/index.php?rest_route=\/wp\/v2\/types\/post"}],"author":[{"embeddable":true,"href":"https:\/\/hbg-koeln.de\/index.php?rest_route=\/wp\/v2\/users\/9"}],"replies":[{"embeddable":true,"href":"https:\/\/hbg-koeln.de\/index.php?rest_route=%2Fwp%2Fv2%2Fcomments&post=5808"}],"version-history":[{"count":10,"href":"https:\/\/hbg-koeln.de\/index.php?rest_route=\/wp\/v2\/posts\/5808\/revisions"}],"predecessor-version":[{"id":5865,"href":"https:\/\/hbg-koeln.de\/index.php?rest_route=\/wp\/v2\/posts\/5808\/revisions\/5865"}],"wp:attachment":[{"href":"https:\/\/hbg-koeln.de\/index.php?rest_route=%2Fwp%2Fv2%2Fmedia&parent=5808"}],"wp:term":[{"taxonomy":"category","embeddable":true,"href":"https:\/\/hbg-koeln.de\/index.php?rest_route=%2Fwp%2Fv2%2Fcategories&post=5808"},{"taxonomy":"post_tag","embeddable":true,"href":"https:\/\/hbg-koeln.de\/index.php?rest_route=%2Fwp%2Fv2%2Ftags&post=5808"}],"curies":[{"name":"wp","href":"https:\/\/api.w.org\/{rel}","templated":true}]}}