{"id":5822,"date":"2018-02-05T20:17:01","date_gmt":"2018-02-05T18:17:01","guid":{"rendered":"http:\/\/hbg-koeln.de\/?p=5822"},"modified":"2018-02-05T20:17:57","modified_gmt":"2018-02-05T18:17:57","slug":"jugend-debattiert-schulfinale-an-der-hbg-3","status":"publish","type":"post","link":"https:\/\/hbg-koeln.de\/?p=5822","title":{"rendered":"Jugend-debattiert-Schulfinale an der HBG"},"content":{"rendered":"<p>Seit dem Schuljahr 2015\/16 geh\u00f6rt die Heinrich-<a href=\"http:\/\/hbg-koeln.de\/wp-content\/uploads\/2018\/02\/Schulfinale-Jugend-debattiert-2018.jpg\"><img loading=\"lazy\" decoding=\"async\" class=\"wp-image-5823 alignright\" src=\"http:\/\/hbg-koeln.de\/wp-content\/uploads\/2018\/02\/Schulfinale-Jugend-debattiert-2018-1024x768.jpg\" alt=\"\" width=\"375\" height=\"281\" srcset=\"https:\/\/hbg-koeln.de\/wp-content\/uploads\/2018\/02\/Schulfinale-Jugend-debattiert-2018-1024x768.jpg 1024w, https:\/\/hbg-koeln.de\/wp-content\/uploads\/2018\/02\/Schulfinale-Jugend-debattiert-2018-300x225.jpg 300w, https:\/\/hbg-koeln.de\/wp-content\/uploads\/2018\/02\/Schulfinale-Jugend-debattiert-2018-768x576.jpg 768w\" sizes=\"auto, (max-width: 375px) 100vw, 375px\" \/><\/a>B\u00f6ll-Gesamtschule zu den rund 1.100 Schulen in Deutschland, die an dem mehrfach ausgezeichneten bundesweiten Sch\u00fclerwettbewerb Jugend debattiert teilnehmen. Am Dienstag, den 30. Januar 2018 fand zum dritten Mal an der HBG das Schulfinale im Rahmen dieses Wettbewerbs statt.<\/p>\n<p><!--moreHier weiterlesen-->Auf der B\u00fchne im Freizeitzentrum debattierten acht Sch\u00fclerinnen und Sch\u00fcler, die sich zuvor durch besondere Debattierleistungen ausgezeichnet hatten, \u00fcber die Fragen \u201eSoll der Verzehr von \u201efast food\u201c in der Schule verboten werden?\u201c (Sek. I) und \u201eSollen Haschisch und Marihuana auch in Deutschland legalisiert werden?\u201c (Sek. II).<\/p>\n<p>Auch in diesem Jahr interessierten sich viele Sch\u00fclerinnen und Sch\u00fcler f\u00fcr die Debatten, so dass das Freizeitzentrum erneut gut gef\u00fcllt war. Dies ist umso erfreulicher, da es ein vorrangiges Ziel der Projektteilnahme ist, m\u00f6glichst viele Sch\u00fclerinnen und Sch\u00fcler an der HBG f\u00fcr das Debattieren zu begeistern und auf diese Weise an unserer Schule eine positive Diskussionskultur zu f\u00f6rdern.<\/p>\n<p>Die aus Sch\u00fclerinnen und Sch\u00fclern, Eltern und Lehrern bestehende Jury hatte eine schwierige Wahl zu treffen. Beim Regionalwettbewerb, der am 14. Februar 2018 am Geschwister-Scholl-Gymnasium in Pulheim stattfindet, werden nun Lea Schmitz und Susanna Czarnetzki (Sek. I) sowie Lukas Wasmuth und Birte Hundt (Sek. II) die Heinrich-B\u00f6ll-Gesamtschule vertreten. Herzlichen Gl\u00fcckwunsch, wir dr\u00fccken Euch die Daumen!<\/p>\n<p>Gro\u00dfer Respekt geb\u00fchrt jedoch s\u00e4mtlichen acht Schulfinalisten, die vor einem beachtlichen Publikum zwei interessante und faire Debatten gezeigt haben. Zudem bedanken wir uns bei allen Juroren herzlich f\u00fcr ihr Engagement.<\/p>\n","protected":false},"excerpt":{"rendered":"<p>Seit dem Schuljahr 2015\/16 geh\u00f6rt die Heinrich-B\u00f6ll-Gesamtschule zu den rund 1.100 Schulen in Deutschland, die an dem mehrfach ausgezeichneten bundesweiten Sch\u00fclerwettbewerb Jugend debattiert teilnehmen. Am Dienstag, den 30. Januar 2018 fand zum dritten Mal an der<a class=\"moretag\" href=\"https:\/\/hbg-koeln.de\/?p=5822\">Read More&#8230;<\/a><\/p>\n","protected":false},"author":7,"featured_media":0,"comment_status":"closed","ping_status":"open","sticky":false,"template":"","format":"standard","meta":{"ngg_post_thumbnail":0,"footnotes":""},"categories":[1],"tags":[],"class_list":["post-5822","post","type-post","status-publish","format-standard","hentry","category-allgemein"],"_links":{"self":[{"href":"https:\/\/hbg-koeln.de\/index.php?rest_route=\/wp\/v2\/posts\/5822","targetHints":{"allow":["GET"]}}],"collection":[{"href":"https:\/\/hbg-koeln.de\/index.php?rest_route=\/wp\/v2\/posts"}],"about":[{"href":"https:\/\/hbg-koeln.de\/index.php?rest_route=\/wp\/v2\/types\/post"}],"author":[{"embeddable":true,"href":"https:\/\/hbg-koeln.de\/index.php?rest_route=\/wp\/v2\/users\/7"}],"replies":[{"embeddable":true,"href":"https:\/\/hbg-koeln.de\/index.php?rest_route=%2Fwp%2Fv2%2Fcomments&post=5822"}],"version-history":[{"count":2,"href":"https:\/\/hbg-koeln.de\/index.php?rest_route=\/wp\/v2\/posts\/5822\/revisions"}],"predecessor-version":[{"id":5825,"href":"https:\/\/hbg-koeln.de\/index.php?rest_route=\/wp\/v2\/posts\/5822\/revisions\/5825"}],"wp:attachment":[{"href":"https:\/\/hbg-koeln.de\/index.php?rest_route=%2Fwp%2Fv2%2Fmedia&parent=5822"}],"wp:term":[{"taxonomy":"category","embeddable":true,"href":"https:\/\/hbg-koeln.de\/index.php?rest_route=%2Fwp%2Fv2%2Fcategories&post=5822"},{"taxonomy":"post_tag","embeddable":true,"href":"https:\/\/hbg-koeln.de\/index.php?rest_route=%2Fwp%2Fv2%2Ftags&post=5822"}],"curies":[{"name":"wp","href":"https:\/\/api.w.org\/{rel}","templated":true}]}}