{"id":5868,"date":"2018-02-16T11:25:45","date_gmt":"2018-02-16T09:25:45","guid":{"rendered":"http:\/\/hbg-koeln.de\/?p=5868"},"modified":"2018-02-19T11:31:51","modified_gmt":"2018-02-19T09:31:51","slug":"impuls-probenbesuch-der-5-7","status":"publish","type":"post","link":"https:\/\/hbg-koeln.de\/?p=5868","title":{"rendered":"Impuls Probenbesuch der 5.7"},"content":{"rendered":"<p><a href=\"http:\/\/hbg-koeln.de\/wp-content\/uploads\/2018\/02\/w\u00e4hrend-der-Orchesterprobe.jpg\"><img loading=\"lazy\" decoding=\"async\" class=\" wp-image-5869 alignright\" src=\"http:\/\/hbg-koeln.de\/wp-content\/uploads\/2018\/02\/w\u00e4hrend-der-Orchesterprobe-1024x576.jpg\" alt=\"\" width=\"401\" height=\"226\" srcset=\"https:\/\/hbg-koeln.de\/wp-content\/uploads\/2018\/02\/w\u00e4hrend-der-Orchesterprobe-1024x576.jpg 1024w, https:\/\/hbg-koeln.de\/wp-content\/uploads\/2018\/02\/w\u00e4hrend-der-Orchesterprobe-300x169.jpg 300w, https:\/\/hbg-koeln.de\/wp-content\/uploads\/2018\/02\/w\u00e4hrend-der-Orchesterprobe-768x432.jpg 768w, https:\/\/hbg-koeln.de\/wp-content\/uploads\/2018\/02\/w\u00e4hrend-der-Orchesterprobe.jpg 1280w\" sizes=\"auto, (max-width: 401px) 100vw, 401px\" \/><\/a>Am 31.1.2018 durfte die Klasse 5.7 an einer Probe des G\u00fcrzenich-Orchesters in der Philharmonie teilnehmen. Nach einer kurzen Einf\u00fchrung in die Orchesterbesetzung und dem Vorstellen der in einem Orchester vorkommenden Instrumente, waren die Sch\u00fclerinnen und Sch\u00fcler live dabei, wie \u201eechte Musiker\u201c unter der Leitung von Dirigent Francois-Xavier Roth ein Orchesterst\u00fcck probten (\u201eLivre\u201c f\u00fcr Streichorchester von Pierre Boulez, 1968). Sie sa\u00dfen direkt neben dem\/r jeweiligen Musiker\/in auf der B\u00fchne der Philharmonie. Somit mittendrin und ganz nah dabei. Dies war ein ganz besonderes Erlebnis. Am Ende kam das Fazit: \u201eJetzt wollen wir aber auch noch mal ein richtiges Konzert besuchen!\u201c.<\/p>\n","protected":false},"excerpt":{"rendered":"<p>Am 31.1.2018 durfte die Klasse 5.7 an einer Probe des G\u00fcrzenich-Orchesters in der Philharmonie teilnehmen. Nach einer kurzen Einf\u00fchrung in die Orchesterbesetzung und dem Vorstellen der in einem Orchester vorkommenden Instrumente, waren die Sch\u00fclerinnen und Sch\u00fcler<a class=\"moretag\" href=\"https:\/\/hbg-koeln.de\/?p=5868\">Read More&#8230;<\/a><\/p>\n","protected":false},"author":11,"featured_media":0,"comment_status":"closed","ping_status":"open","sticky":false,"template":"","format":"standard","meta":{"ngg_post_thumbnail":0,"footnotes":""},"categories":[1],"tags":[],"class_list":["post-5868","post","type-post","status-publish","format-standard","hentry","category-allgemein"],"_links":{"self":[{"href":"https:\/\/hbg-koeln.de\/index.php?rest_route=\/wp\/v2\/posts\/5868","targetHints":{"allow":["GET"]}}],"collection":[{"href":"https:\/\/hbg-koeln.de\/index.php?rest_route=\/wp\/v2\/posts"}],"about":[{"href":"https:\/\/hbg-koeln.de\/index.php?rest_route=\/wp\/v2\/types\/post"}],"author":[{"embeddable":true,"href":"https:\/\/hbg-koeln.de\/index.php?rest_route=\/wp\/v2\/users\/11"}],"replies":[{"embeddable":true,"href":"https:\/\/hbg-koeln.de\/index.php?rest_route=%2Fwp%2Fv2%2Fcomments&post=5868"}],"version-history":[{"count":2,"href":"https:\/\/hbg-koeln.de\/index.php?rest_route=\/wp\/v2\/posts\/5868\/revisions"}],"predecessor-version":[{"id":5871,"href":"https:\/\/hbg-koeln.de\/index.php?rest_route=\/wp\/v2\/posts\/5868\/revisions\/5871"}],"wp:attachment":[{"href":"https:\/\/hbg-koeln.de\/index.php?rest_route=%2Fwp%2Fv2%2Fmedia&parent=5868"}],"wp:term":[{"taxonomy":"category","embeddable":true,"href":"https:\/\/hbg-koeln.de\/index.php?rest_route=%2Fwp%2Fv2%2Fcategories&post=5868"},{"taxonomy":"post_tag","embeddable":true,"href":"https:\/\/hbg-koeln.de\/index.php?rest_route=%2Fwp%2Fv2%2Ftags&post=5868"}],"curies":[{"name":"wp","href":"https:\/\/api.w.org\/{rel}","templated":true}]}}