{"id":5885,"date":"2018-02-21T11:27:56","date_gmt":"2018-02-21T09:27:56","guid":{"rendered":"http:\/\/hbg-koeln.de\/?p=5885"},"modified":"2018-03-05T11:42:51","modified_gmt":"2018-03-05T09:42:51","slug":"hbg-nimmt-erfolgreich-am-regionalverbundfinale-jugend-debattiert-teil-2","status":"publish","type":"post","link":"https:\/\/hbg-koeln.de\/?p=5885","title":{"rendered":"HBG nimmt erfolgreich am Regionalverbundfinale Jugend debattiert teil"},"content":{"rendered":"<p>Am Mittwoch, den 14. Februar 2018 fand am Geschwister-Sch<a href=\"http:\/\/hbg-koeln.de\/wp-content\/uploads\/2018\/02\/IMG_2643.jpg\"><img loading=\"lazy\" decoding=\"async\" class=\" wp-image-5886 alignright\" src=\"http:\/\/hbg-koeln.de\/wp-content\/uploads\/2018\/02\/IMG_2643-1024x768.jpg\" alt=\"\" height=\"198\" width=\"264\" srcset=\"https:\/\/hbg-koeln.de\/wp-content\/uploads\/2018\/02\/IMG_2643-1024x768.jpg 1024w, https:\/\/hbg-koeln.de\/wp-content\/uploads\/2018\/02\/IMG_2643-300x225.jpg 300w, https:\/\/hbg-koeln.de\/wp-content\/uploads\/2018\/02\/IMG_2643-768x576.jpg 768w\" sizes=\"auto, (max-width: 264px) 100vw, 264px\" \/><\/a>oll-Gymnasium in Pulheim das Regionalverbundfinale Jugend debattiert statt, an dem die HBG in diesem Jahr zum dritten Mal teilnahm.<\/p>\n<p>Qualifiziert hatten sich im schulinternen Finale unserer Schule Lea Schmitz und Susanna Czarnetzki f\u00fcr die Altersklasse 1 (Sek. I) sowie Lukas Wasmuth und Birte Hundt f\u00fcr die Altersklasse 2 (Sek. II).<\/p>\n<p>Nach der Begr\u00fc\u00dfung ging es am Vormittag in jeweils zwei Qualifikationsdebatten um die Themen \u201eSollen in \u00f6ffentlichen Gr\u00fcnanlagen Sportger\u00e4te f\u00fcr die Allgemeinheit aufgestellt werden?\u201c und \u201eSollen L\u00e4den auch an Sonntagen \u00f6ffnen d\u00fcrfen?\u201c (Sek. I) sowie \u201eSollen in stark belasteten Gro\u00dfst\u00e4dten Diesel-Fahrverbote erlassen werden?\u201c und \u201eSollen Toiletten im \u00f6ffentlichen Raum grunds\u00e4tzlich Toiletten ohne Geschlechteraufteilung sein?\u201c (Sek. II).<!--moreHier weiterlesen--><\/p>\n<p>Alle vier Sch\u00fclerinnen und Sch\u00fcler der HBG konnten in den Debatten der Vorrunde \u00fcberzeugen, schafften es aufgrund der starken Konkurrenz jedoch nicht in das Finale, in dem \u00fcber die Themen \u201eSoll Video\u00fcberwachung an Bahnh\u00f6fen mit automatisierter Gesichtserkennung ausgestattet werden?\u201c (Sek. I) und \u201eSollen Gewalttaten gegen kommunale Amts- und Mandatstr\u00e4ger h\u00e4rter bestraft werden?\u201c (Sek. II) debattiert wurde.<\/p>\n<p>Wir bedanken uns bei allen Teilnehmern f\u00fcr ihr engagiertes Debattieren und freuen uns schon auf das n\u00e4chste Jahr Jugend debattiert an der HBG.<\/p>\n","protected":false},"excerpt":{"rendered":"<p>Am Mittwoch, den 14. Februar 2018 fand am Geschwister-Scholl-Gymnasium in Pulheim das Regionalverbundfinale Jugend debattiert statt, an dem die HBG in diesem Jahr zum dritten Mal teilnahm. Qualifiziert hatten sich im schulinternen Finale unserer Schule Lea<a class=\"moretag\" href=\"https:\/\/hbg-koeln.de\/?p=5885\">Read More&#8230;<\/a><\/p>\n","protected":false},"author":11,"featured_media":0,"comment_status":"closed","ping_status":"open","sticky":false,"template":"","format":"standard","meta":{"ngg_post_thumbnail":0,"footnotes":""},"categories":[1],"tags":[],"class_list":["post-5885","post","type-post","status-publish","format-standard","hentry","category-allgemein"],"_links":{"self":[{"href":"https:\/\/hbg-koeln.de\/index.php?rest_route=\/wp\/v2\/posts\/5885","targetHints":{"allow":["GET"]}}],"collection":[{"href":"https:\/\/hbg-koeln.de\/index.php?rest_route=\/wp\/v2\/posts"}],"about":[{"href":"https:\/\/hbg-koeln.de\/index.php?rest_route=\/wp\/v2\/types\/post"}],"author":[{"embeddable":true,"href":"https:\/\/hbg-koeln.de\/index.php?rest_route=\/wp\/v2\/users\/11"}],"replies":[{"embeddable":true,"href":"https:\/\/hbg-koeln.de\/index.php?rest_route=%2Fwp%2Fv2%2Fcomments&post=5885"}],"version-history":[{"count":2,"href":"https:\/\/hbg-koeln.de\/index.php?rest_route=\/wp\/v2\/posts\/5885\/revisions"}],"predecessor-version":[{"id":5888,"href":"https:\/\/hbg-koeln.de\/index.php?rest_route=\/wp\/v2\/posts\/5885\/revisions\/5888"}],"wp:attachment":[{"href":"https:\/\/hbg-koeln.de\/index.php?rest_route=%2Fwp%2Fv2%2Fmedia&parent=5885"}],"wp:term":[{"taxonomy":"category","embeddable":true,"href":"https:\/\/hbg-koeln.de\/index.php?rest_route=%2Fwp%2Fv2%2Fcategories&post=5885"},{"taxonomy":"post_tag","embeddable":true,"href":"https:\/\/hbg-koeln.de\/index.php?rest_route=%2Fwp%2Fv2%2Ftags&post=5885"}],"curies":[{"name":"wp","href":"https:\/\/api.w.org\/{rel}","templated":true}]}}