{"id":5897,"date":"2018-02-26T17:09:24","date_gmt":"2018-02-26T15:09:24","guid":{"rendered":"http:\/\/hbg-koeln.de\/?p=5897"},"modified":"2018-03-05T11:42:41","modified_gmt":"2018-03-05T09:42:41","slug":"wilfried-borth-verstorben","status":"publish","type":"post","link":"https:\/\/hbg-koeln.de\/?p=5897","title":{"rendered":"Wilfried Borth verstorben"},"content":{"rendered":"<p><a href=\"http:\/\/hbg-koeln.de\/wp-content\/uploads\/2018\/02\/Borth2-web.jpg\"><img loading=\"lazy\" decoding=\"async\" class=\" wp-image-5898 alignright\" src=\"http:\/\/hbg-koeln.de\/wp-content\/uploads\/2018\/02\/Borth2-web-682x1024.jpg\" alt=\"\" width=\"245\" height=\"368\" srcset=\"https:\/\/hbg-koeln.de\/wp-content\/uploads\/2018\/02\/Borth2-web-682x1024.jpg 682w, https:\/\/hbg-koeln.de\/wp-content\/uploads\/2018\/02\/Borth2-web-200x300.jpg 200w, https:\/\/hbg-koeln.de\/wp-content\/uploads\/2018\/02\/Borth2-web-768x1152.jpg 768w, https:\/\/hbg-koeln.de\/wp-content\/uploads\/2018\/02\/Borth2-web.jpg 1181w\" sizes=\"auto, (max-width: 245px) 100vw, 245px\" \/><\/a>Liebe Schulgemeinde<br \/>\nwir haben am Freitag, den 23.02.18 erfahren, dass Wilfried Borth, der erste Schulleiter der HBG am 19. Februar 2018 verstorben ist. Er hat als Schulleiter (1975-1987) sehr viel f\u00fcr die Schule geleistet und hat f\u00fcr vieles, was unsere Schule ausmacht, den Grundstein gelegt. Den Kontakt mit der Schule hat er stets beibehalten. Noch im letzten Jahr hat er uns anl\u00e4sslich des B\u00f6ll-Fests alles Gute gew\u00fcnscht.<\/p>\n<p>Der Trauergottesdienst findet statt am Donnerstag, den 1. M\u00e4rz 2018, um 11 Uhr in der evangelischen Kirche V\u00fcrfels, Wittenbergstr. 1 in 51427 Bergisch-Gladbach-Refrath. Die Beisetzung erfolgt im Anschluss auf dem Refrather Friedhof.<br \/>\nMit herzlichem Gru\u00df<\/p>\n<p>Rolf Grisard (Schulleiter)<\/p>\n","protected":false},"excerpt":{"rendered":"<p>Liebe Schulgemeinde wir haben am Freitag, den 23.02.18 erfahren, dass Wilfried Borth, der erste Schulleiter der HBG am 19. Februar 2018 verstorben ist. Er hat als Schulleiter (1975-1987) sehr viel f\u00fcr die Schule geleistet und hat<a class=\"moretag\" href=\"https:\/\/hbg-koeln.de\/?p=5897\">Read More&#8230;<\/a><\/p>\n","protected":false},"author":11,"featured_media":0,"comment_status":"closed","ping_status":"open","sticky":false,"template":"","format":"standard","meta":{"ngg_post_thumbnail":0,"footnotes":""},"categories":[1],"tags":[],"class_list":["post-5897","post","type-post","status-publish","format-standard","hentry","category-allgemein"],"_links":{"self":[{"href":"https:\/\/hbg-koeln.de\/index.php?rest_route=\/wp\/v2\/posts\/5897","targetHints":{"allow":["GET"]}}],"collection":[{"href":"https:\/\/hbg-koeln.de\/index.php?rest_route=\/wp\/v2\/posts"}],"about":[{"href":"https:\/\/hbg-koeln.de\/index.php?rest_route=\/wp\/v2\/types\/post"}],"author":[{"embeddable":true,"href":"https:\/\/hbg-koeln.de\/index.php?rest_route=\/wp\/v2\/users\/11"}],"replies":[{"embeddable":true,"href":"https:\/\/hbg-koeln.de\/index.php?rest_route=%2Fwp%2Fv2%2Fcomments&post=5897"}],"version-history":[{"count":1,"href":"https:\/\/hbg-koeln.de\/index.php?rest_route=\/wp\/v2\/posts\/5897\/revisions"}],"predecessor-version":[{"id":5899,"href":"https:\/\/hbg-koeln.de\/index.php?rest_route=\/wp\/v2\/posts\/5897\/revisions\/5899"}],"wp:attachment":[{"href":"https:\/\/hbg-koeln.de\/index.php?rest_route=%2Fwp%2Fv2%2Fmedia&parent=5897"}],"wp:term":[{"taxonomy":"category","embeddable":true,"href":"https:\/\/hbg-koeln.de\/index.php?rest_route=%2Fwp%2Fv2%2Fcategories&post=5897"},{"taxonomy":"post_tag","embeddable":true,"href":"https:\/\/hbg-koeln.de\/index.php?rest_route=%2Fwp%2Fv2%2Ftags&post=5897"}],"curies":[{"name":"wp","href":"https:\/\/api.w.org\/{rel}","templated":true}]}}