{"id":5947,"date":"2018-03-19T10:57:30","date_gmt":"2018-03-19T08:57:30","guid":{"rendered":"http:\/\/hbg-koeln.de\/?p=5947"},"modified":"2018-03-19T10:57:30","modified_gmt":"2018-03-19T08:57:30","slug":"eine-lesung-in-der-lutherkirche","status":"publish","type":"post","link":"https:\/\/hbg-koeln.de\/?p=5947","title":{"rendered":"Eine Lesung in der Lutherkirche"},"content":{"rendered":"<p><em>Ein Bericht von Nikita Kobrin<\/em><\/p>\n<p>Wir die Klasse 8.6 haben uns am 9.3.2018 um 9.00 Uhr vor dem Blumenladen in Chorweiler getroffen, um eine Lesung im Rahmen der LitCologne zu besuchen. Wir sind mit der Linie 15 Richtung Ubierring bis zum Chlodwigplatz gefahren und sind 15 Minuten zu Fu\u00df gelaufen. Als wir ankamen, mussten wir unsere Handys ausschalten und wir durften auch nicht mehr essen oder trinken. Es waren aus anderen Schulen Klassen dort. R\u00fcdiger Bertram, der das Buch \u201eDer Pfad\u201c geschrieben hatte, hat sich und das Buch vorgestellt. Er erkl\u00e4rte, wie er auf die Idee gekommen ist, das Buch zu schreiben. Als er begann, aus dem Buch vorzulesen, zeichnete der Illustrator ein Bild zum Text. Dazu wurden die Fotos des Autors, die er an den Originalschaupl\u00e4tzen aufgenommen hatte, gezeigt. Am Ende der Lesung fragte der Schriftsteller, ob wir Fragen dazu h\u00e4tten. (Tugce Baylan)<!--more--><\/p>\n<p>In dem Roman geht es um einen Jungen, der mit seinem Vater vor den Nazis flieht. Ihr Ziel ist New York. Dort wartet die Mutter auf ihn und seinen Vater. Sie durchqueren ganz Frankreich und verstecken sich vor den Nazis, weil diese auch Frankreich besetzt haben. Sie finden einen F\u00fchrer, der sie \u00fcber die Pyren\u00e4en in die Freiheit f\u00fchrt. Unterwegs treffen sie spanische Soldaten, die sie festnehmen wollen. Rolfs Vater hat zwei P\u00e4ckchen Zigaretten f\u00fcr die beiden und die Soldaten lassen sie frei. Sie k\u00f6nnen weitergehen. Am Ende sind sie schon auf der spanischen Grenze, da wird Rolfs Vater festgenommen. Rolf hat Gl\u00fcck und schafft es bis zu dem Passagierschiff. Mit diesem fl\u00fcchtet er nach Amerika.<\/p>\n","protected":false},"excerpt":{"rendered":"<p>Ein Bericht von Nikita Kobrin Wir die Klasse 8.6 haben uns am 9.3.2018 um 9.00 Uhr vor dem Blumenladen in Chorweiler getroffen, um eine Lesung im Rahmen der LitCologne zu besuchen. Wir sind mit der Linie<a class=\"moretag\" href=\"https:\/\/hbg-koeln.de\/?p=5947\">Read More&#8230;<\/a><\/p>\n","protected":false},"author":7,"featured_media":0,"comment_status":"closed","ping_status":"open","sticky":false,"template":"","format":"standard","meta":{"ngg_post_thumbnail":0,"footnotes":""},"categories":[1],"tags":[],"class_list":["post-5947","post","type-post","status-publish","format-standard","hentry","category-allgemein"],"_links":{"self":[{"href":"https:\/\/hbg-koeln.de\/index.php?rest_route=\/wp\/v2\/posts\/5947","targetHints":{"allow":["GET"]}}],"collection":[{"href":"https:\/\/hbg-koeln.de\/index.php?rest_route=\/wp\/v2\/posts"}],"about":[{"href":"https:\/\/hbg-koeln.de\/index.php?rest_route=\/wp\/v2\/types\/post"}],"author":[{"embeddable":true,"href":"https:\/\/hbg-koeln.de\/index.php?rest_route=\/wp\/v2\/users\/7"}],"replies":[{"embeddable":true,"href":"https:\/\/hbg-koeln.de\/index.php?rest_route=%2Fwp%2Fv2%2Fcomments&post=5947"}],"version-history":[{"count":1,"href":"https:\/\/hbg-koeln.de\/index.php?rest_route=\/wp\/v2\/posts\/5947\/revisions"}],"predecessor-version":[{"id":5948,"href":"https:\/\/hbg-koeln.de\/index.php?rest_route=\/wp\/v2\/posts\/5947\/revisions\/5948"}],"wp:attachment":[{"href":"https:\/\/hbg-koeln.de\/index.php?rest_route=%2Fwp%2Fv2%2Fmedia&parent=5947"}],"wp:term":[{"taxonomy":"category","embeddable":true,"href":"https:\/\/hbg-koeln.de\/index.php?rest_route=%2Fwp%2Fv2%2Fcategories&post=5947"},{"taxonomy":"post_tag","embeddable":true,"href":"https:\/\/hbg-koeln.de\/index.php?rest_route=%2Fwp%2Fv2%2Ftags&post=5947"}],"curies":[{"name":"wp","href":"https:\/\/api.w.org\/{rel}","templated":true}]}}