{"id":6035,"date":"2018-05-13T23:18:21","date_gmt":"2018-05-13T21:18:21","guid":{"rendered":"http:\/\/hbg-koeln.de\/?p=6035"},"modified":"2018-05-13T23:18:21","modified_gmt":"2018-05-13T21:18:21","slug":"die-ag-schuelerrestaurant-lud-zu-einem-koestlichen-abendmenue-ein","status":"publish","type":"post","link":"https:\/\/hbg-koeln.de\/?p=6035","title":{"rendered":"Die AG-Sch\u00fclerrestaurant lud zu einem k\u00f6stlichen Abendmen\u00fc ein"},"content":{"rendered":"<p><a href=\"http:\/\/hbg-koeln.de\/wp-content\/uploads\/2018\/05\/Gruppe.jpg\"><img loading=\"lazy\" decoding=\"async\" class=\" wp-image-6036 alignright\" src=\"http:\/\/hbg-koeln.de\/wp-content\/uploads\/2018\/05\/Gruppe-1024x427.jpg\" alt=\"\" width=\"427\" height=\"178\" srcset=\"https:\/\/hbg-koeln.de\/wp-content\/uploads\/2018\/05\/Gruppe-1024x427.jpg 1024w, https:\/\/hbg-koeln.de\/wp-content\/uploads\/2018\/05\/Gruppe-300x125.jpg 300w, https:\/\/hbg-koeln.de\/wp-content\/uploads\/2018\/05\/Gruppe-768x321.jpg 768w, https:\/\/hbg-koeln.de\/wp-content\/uploads\/2018\/05\/Gruppe.jpg 1181w\" sizes=\"auto, (max-width: 427px) 100vw, 427px\" \/><\/a> Im siebten Jahrgang haben unsere Sch\u00fclerinnen und Sch\u00fcler die M\u00f6glichkeit (und Pflicht), besondere Talente und Interessen in einer Arbeitsgemeinschaft zu entwickeln. Dazu geh\u00f6rt auch die AG-Sch\u00fclerrestaurant. Diese AG trifft sich jeden zweiten Dienstag von 14-17 Uhr und bereitet unter der Anleitung von Herrn Hahne, unserem \u201eMeisterkoch\u201c und Frau Meurer immer ein 3-G\u00e4nge-Men\u00fc zu, das am Ende dann von allen auch gegessen wird.<\/p>\n<p>Einmal im Jahr l\u00e4dt die AG-Sch\u00fclerrestaurant zum festlichen Dinner ein f\u00fcr die Eltern und Klassenlehrer der Sch\u00fclerinnen und Sch\u00fcler. Am Dienstag, den 8. Mai war es so weit. Der Saal war gut gef\u00fcllt und Eltern und Lehrkr\u00e4fte lie\u00dfen sich von 13 Sch\u00fclerinnen im Kellnerlivree verw\u00f6hnen.<\/p>\n<p>Nach der Vorspeise (Salat von gr\u00fcnem und wei\u00dfem Spargel mit Foccacia und Kr\u00e4utercreme) wurden als Hauptspeise Medaillons von der H\u00e4hnchenbrust in Parmesan Eih\u00fclle serviert. Die Beilage (Bandnudeln) war frisch und h<a href=\"http:\/\/hbg-koeln.de\/wp-content\/uploads\/2018\/05\/Nachtisch.jpg\"><img loading=\"lazy\" decoding=\"async\" class=\" wp-image-6037 alignright\" src=\"http:\/\/hbg-koeln.de\/wp-content\/uploads\/2018\/05\/Nachtisch.jpg\" alt=\"\" width=\"174\" height=\"181\" srcset=\"https:\/\/hbg-koeln.de\/wp-content\/uploads\/2018\/05\/Nachtisch.jpg 886w, https:\/\/hbg-koeln.de\/wp-content\/uploads\/2018\/05\/Nachtisch-289x300.jpg 289w, https:\/\/hbg-koeln.de\/wp-content\/uploads\/2018\/05\/Nachtisch-768x798.jpg 768w\" sizes=\"auto, (max-width: 174px) 100vw, 174px\" \/><\/a>andgemacht.<\/p>\n<p>Als Dessert gab es Erdbeeren mit Mascaponecreme.<\/p>\n<p>Das rundum gelungene Men\u00fc und die ausgesprochen aufmerksamen Kellnerinnen sorgten daf\u00fcr, dass sich alle G\u00e4ste sehr wohl f\u00fchlten und gut miteinander in Gespr\u00e4ch kamen. Wir freuen uns schon jetzt auf die Einladung im n\u00e4chsten Jahr.<\/p>\n","protected":false},"excerpt":{"rendered":"<p>Im siebten Jahrgang haben unsere Sch\u00fclerinnen und Sch\u00fcler die M\u00f6glichkeit (und Pflicht), besondere Talente und Interessen in einer Arbeitsgemeinschaft zu entwickeln. Dazu geh\u00f6rt auch die AG-Sch\u00fclerrestaurant. Diese AG trifft sich jeden zweiten Dienstag von 14-17 Uhr<a class=\"moretag\" href=\"https:\/\/hbg-koeln.de\/?p=6035\">Read More&#8230;<\/a><\/p>\n","protected":false},"author":7,"featured_media":0,"comment_status":"closed","ping_status":"open","sticky":false,"template":"","format":"standard","meta":{"ngg_post_thumbnail":0,"footnotes":""},"categories":[1],"tags":[],"class_list":["post-6035","post","type-post","status-publish","format-standard","hentry","category-allgemein"],"_links":{"self":[{"href":"https:\/\/hbg-koeln.de\/index.php?rest_route=\/wp\/v2\/posts\/6035","targetHints":{"allow":["GET"]}}],"collection":[{"href":"https:\/\/hbg-koeln.de\/index.php?rest_route=\/wp\/v2\/posts"}],"about":[{"href":"https:\/\/hbg-koeln.de\/index.php?rest_route=\/wp\/v2\/types\/post"}],"author":[{"embeddable":true,"href":"https:\/\/hbg-koeln.de\/index.php?rest_route=\/wp\/v2\/users\/7"}],"replies":[{"embeddable":true,"href":"https:\/\/hbg-koeln.de\/index.php?rest_route=%2Fwp%2Fv2%2Fcomments&post=6035"}],"version-history":[{"count":1,"href":"https:\/\/hbg-koeln.de\/index.php?rest_route=\/wp\/v2\/posts\/6035\/revisions"}],"predecessor-version":[{"id":6038,"href":"https:\/\/hbg-koeln.de\/index.php?rest_route=\/wp\/v2\/posts\/6035\/revisions\/6038"}],"wp:attachment":[{"href":"https:\/\/hbg-koeln.de\/index.php?rest_route=%2Fwp%2Fv2%2Fmedia&parent=6035"}],"wp:term":[{"taxonomy":"category","embeddable":true,"href":"https:\/\/hbg-koeln.de\/index.php?rest_route=%2Fwp%2Fv2%2Fcategories&post=6035"},{"taxonomy":"post_tag","embeddable":true,"href":"https:\/\/hbg-koeln.de\/index.php?rest_route=%2Fwp%2Fv2%2Ftags&post=6035"}],"curies":[{"name":"wp","href":"https:\/\/api.w.org\/{rel}","templated":true}]}}