{"id":6071,"date":"2018-06-05T09:35:11","date_gmt":"2018-06-05T07:35:11","guid":{"rendered":"http:\/\/hbg-koeln.de\/?p=6071"},"modified":"2018-06-05T09:41:55","modified_gmt":"2018-06-05T07:41:55","slug":"sprachreise-ef-nach-valencia-vom-15-05-19-05-2018","status":"publish","type":"post","link":"https:\/\/hbg-koeln.de\/?p=6071","title":{"rendered":"Sprachreise EF nach Valencia vom 15.05.-19.05.2018"},"content":{"rendered":"<p><em>Ein Bericht von Firdevs Bostan<\/em><\/p>\n<p>Die diesj\u00e4hrige Spanienfahrt der Einf\u00fchrungsphase, an der 26 Spanischsch\u00fclerinnen und -Sch\u00fcler teilnahmen, fand nach Valencia statt. Neben dem Sprachkurs von zwei Einheiten, den die Sch\u00fclerinnen und Sch\u00fcler t\u00e4glich besuchten, hatten wir ein vielf\u00e4ltiges Programm. Viele Eindr\u00fccke sammelte die Gruppe durch die Begegnung mit den Einheimischen, aber auch anderen Touristen, die sich ebenfalls auf die Erkundung der drittgr\u00f6\u00dften Stadt Spaniens machten. Interkulturelles Lernen wird nun erfahrbar: Die spanischen Essgewohnheiten vom Fr\u00fchst\u00fcck bis zum Abendessen, die siesta, das Temperament der Valencianos, aber auch der Einfluss der Bilingualit\u00e4t werden hautnah erlebt.<\/p>\n<p>Durch die Unterbringung im sogenannten Herzen Valencias, la Plaza de la Virgen, konnten wir nicht nur die beeindruckende Kathedrale von Valencia fu\u00dfl\u00e4ufig erreichen sondern auch das belebte Stadtleben unmittelbar in Erfahrung bringen.<\/p>\n<p>Besonderer Dank gilt dem F\u00f6rderverein unserer Schule, der uns den Besuch der Stadt der Wissenschaften und K\u00fcnste, insbesondere das Oceanogr\u00e1fico und Hemisferic , finanziell erm\u00f6glichte. \u00a1Muchas gracias!<\/p>\n","protected":false},"excerpt":{"rendered":"<p>Ein Bericht von Firdevs Bostan Die diesj\u00e4hrige Spanienfahrt der Einf\u00fchrungsphase, an der 26 Spanischsch\u00fclerinnen und -Sch\u00fcler teilnahmen, fand nach Valencia statt. Neben dem Sprachkurs von zwei Einheiten, den die Sch\u00fclerinnen und Sch\u00fcler t\u00e4glich besuchten, hatten wir<a class=\"moretag\" href=\"https:\/\/hbg-koeln.de\/?p=6071\">Read More&#8230;<\/a><\/p>\n","protected":false},"author":7,"featured_media":0,"comment_status":"closed","ping_status":"open","sticky":false,"template":"","format":"standard","meta":{"ngg_post_thumbnail":0,"footnotes":""},"categories":[1],"tags":[],"class_list":["post-6071","post","type-post","status-publish","format-standard","hentry","category-allgemein"],"_links":{"self":[{"href":"https:\/\/hbg-koeln.de\/index.php?rest_route=\/wp\/v2\/posts\/6071","targetHints":{"allow":["GET"]}}],"collection":[{"href":"https:\/\/hbg-koeln.de\/index.php?rest_route=\/wp\/v2\/posts"}],"about":[{"href":"https:\/\/hbg-koeln.de\/index.php?rest_route=\/wp\/v2\/types\/post"}],"author":[{"embeddable":true,"href":"https:\/\/hbg-koeln.de\/index.php?rest_route=\/wp\/v2\/users\/7"}],"replies":[{"embeddable":true,"href":"https:\/\/hbg-koeln.de\/index.php?rest_route=%2Fwp%2Fv2%2Fcomments&post=6071"}],"version-history":[{"count":2,"href":"https:\/\/hbg-koeln.de\/index.php?rest_route=\/wp\/v2\/posts\/6071\/revisions"}],"predecessor-version":[{"id":6073,"href":"https:\/\/hbg-koeln.de\/index.php?rest_route=\/wp\/v2\/posts\/6071\/revisions\/6073"}],"wp:attachment":[{"href":"https:\/\/hbg-koeln.de\/index.php?rest_route=%2Fwp%2Fv2%2Fmedia&parent=6071"}],"wp:term":[{"taxonomy":"category","embeddable":true,"href":"https:\/\/hbg-koeln.de\/index.php?rest_route=%2Fwp%2Fv2%2Fcategories&post=6071"},{"taxonomy":"post_tag","embeddable":true,"href":"https:\/\/hbg-koeln.de\/index.php?rest_route=%2Fwp%2Fv2%2Ftags&post=6071"}],"curies":[{"name":"wp","href":"https:\/\/api.w.org\/{rel}","templated":true}]}}