{"id":6137,"date":"2018-08-29T15:58:37","date_gmt":"2018-08-29T13:58:37","guid":{"rendered":"http:\/\/hbg-koeln.de\/?p=6137"},"modified":"2018-08-30T22:51:14","modified_gmt":"2018-08-30T20:51:14","slug":"einschulungsfeier-216-schuelerinnen-und-schueler-freuen-sich-auf-die-heinrich-boell-gesamtschule","status":"publish","type":"post","link":"https:\/\/hbg-koeln.de\/?p=6137","title":{"rendered":"Einschulungsfeier &#8211; 216 Sch\u00fclerinnen und Sch\u00fcler freuen sich auf die Heinrich-B\u00f6ll-Gesamtschule"},"content":{"rendered":"<p><img loading=\"lazy\" decoding=\"async\" class=\"aligncenter wp-image-6138\" src=\"http:\/\/hbg-koeln.de\/wp-content\/uploads\/2018\/08\/Ballons-1024x683.jpg\" alt=\"\" width=\"460\" height=\"307\" srcset=\"https:\/\/hbg-koeln.de\/wp-content\/uploads\/2018\/08\/Ballons-1024x683.jpg 1024w, https:\/\/hbg-koeln.de\/wp-content\/uploads\/2018\/08\/Ballons-300x200.jpg 300w, https:\/\/hbg-koeln.de\/wp-content\/uploads\/2018\/08\/Ballons-768x512.jpg 768w, https:\/\/hbg-koeln.de\/wp-content\/uploads\/2018\/08\/Ballons-600x400.jpg 600w, https:\/\/hbg-koeln.de\/wp-content\/uploads\/2018\/08\/Ballons.jpg 1575w\" sizes=\"auto, (max-width: 460px) 100vw, 460px\" \/>Nicht nur die neuen Sch\u00fclerinnen und Sch\u00fcler, auch die Eltern und die neuen Klassenlehrerinnen und -lehrer erwarteten mit Spannung ihren ersten Schultag. Von einem wunderbaren Moderatorenteam aus dem 6. Jahrgang wurde das Publikum im P\u00e4dagogischen Zentrum empfangen. Zus\u00e4tzliche Informationen zur Schule gab es in der Sonderausgabe des &#8222;Heinrich!&#8220;, der Sch\u00fclerzeitung der HBG, die von den Redakteuren verteilt wurde.<\/p>\n<p><img loading=\"lazy\" decoding=\"async\" class=\"wp-image-6139 alignleft\" src=\"http:\/\/hbg-koeln.de\/wp-content\/uploads\/2018\/08\/Moderatoren-734x1024.jpg\" alt=\"\" width=\"227\" height=\"316\" srcset=\"https:\/\/hbg-koeln.de\/wp-content\/uploads\/2018\/08\/Moderatoren-734x1024.jpg 734w, https:\/\/hbg-koeln.de\/wp-content\/uploads\/2018\/08\/Moderatoren-215x300.jpg 215w, https:\/\/hbg-koeln.de\/wp-content\/uploads\/2018\/08\/Moderatoren-768x1071.jpg 768w, https:\/\/hbg-koeln.de\/wp-content\/uploads\/2018\/08\/Moderatoren.jpg 886w\" sizes=\"auto, (max-width: 227px) 100vw, 227px\" \/><\/p>\n<p>&nbsp;<\/p>\n<pre class=\"moz-signature\"><img loading=\"lazy\" decoding=\"async\" class=\"wp-image-6144 alignleft\" src=\"http:\/\/hbg-koeln.de\/wp-content\/uploads\/2018\/08\/Cover-Sch\u00fclerzeitung-725x1024.jpg\" alt=\"\" width=\"235\" height=\"332\" srcset=\"https:\/\/hbg-koeln.de\/wp-content\/uploads\/2018\/08\/Cover-Sch\u00fclerzeitung-725x1024.jpg 725w, https:\/\/hbg-koeln.de\/wp-content\/uploads\/2018\/08\/Cover-Sch\u00fclerzeitung-212x300.jpg 212w, https:\/\/hbg-koeln.de\/wp-content\/uploads\/2018\/08\/Cover-Sch\u00fclerzeitung-768x1084.jpg 768w, https:\/\/hbg-koeln.de\/wp-content\/uploads\/2018\/08\/Cover-Sch\u00fclerzeitung.jpg 886w\" sizes=\"auto, (max-width: 235px) 100vw, 235px\" \/><\/pre>\n<p>Geboten wurde ein abwechslungsreiches Programm mit einem Auftritt der Big Band, der Vorstellung der Schulscouts und der Pr\u00e4sentation unseres Schullieds von zwei Klassen des 6. Jahrgangs. Frau Brand, die Abteilungsleiterin, f\u00fchrte durchs Programm und Herr Grisard, der Schulleiter, machte bei seiner Vorstellung deutlich, dass er sich eine friedliche und freundliche Schule w\u00fcnscht, in der sich alle wohl f\u00fchlen.<img loading=\"lazy\" decoding=\"async\" class=\"aligncenter size-large wp-image-6140\" src=\"http:\/\/hbg-koeln.de\/wp-content\/uploads\/2018\/08\/Schullied-1024x303.jpg\" alt=\"\" width=\"604\" height=\"179\" srcset=\"https:\/\/hbg-koeln.de\/wp-content\/uploads\/2018\/08\/Schullied-1024x303.jpg 1024w, https:\/\/hbg-koeln.de\/wp-content\/uploads\/2018\/08\/Schullied-300x89.jpg 300w, https:\/\/hbg-koeln.de\/wp-content\/uploads\/2018\/08\/Schullied-768x227.jpg 768w, https:\/\/hbg-koeln.de\/wp-content\/uploads\/2018\/08\/Schullied.jpg 1181w\" sizes=\"auto, (max-width: 604px) 100vw, 604px\" \/>Nach der kurzweiligen Begr\u00fc\u00dfungsfeier gab es die erste &#8222;Unterrichtsstunde&#8220; bei den Klassenlehrerinnen und Klassenlehrern. Die Eltern st\u00e4rkten sich derweil in der B\u00f6ll-Oase. Um 15 Uhr kam es dann zum Finale auf dem Schulhof. 216 farbige Luftballons erhoben sich hoch in die L\u00fcfte und alle schauten ihnen gebannt nach.<\/p>\n<p>Nun ist der Start gelungen und wir freuen uns auf das neue Schuljahr.<\/p>\n<p>&nbsp;<\/p>\n","protected":false},"excerpt":{"rendered":"<p>Nicht nur die neuen Sch\u00fclerinnen und Sch\u00fcler, auch die Eltern und die neuen Klassenlehrerinnen und -lehrer erwarteten mit Spannung ihren ersten Schultag. Von einem wunderbaren Moderatorenteam aus dem 6. Jahrgang wurde das Publikum im P\u00e4dagogischen Zentrum<a class=\"moretag\" href=\"https:\/\/hbg-koeln.de\/?p=6137\">Read More&#8230;<\/a><\/p>\n","protected":false},"author":9,"featured_media":0,"comment_status":"closed","ping_status":"open","sticky":false,"template":"","format":"standard","meta":{"ngg_post_thumbnail":0,"footnotes":""},"categories":[13,1],"tags":[],"class_list":["post-6137","post","type-post","status-publish","format-standard","hentry","category-aktuelles","category-allgemein"],"_links":{"self":[{"href":"https:\/\/hbg-koeln.de\/index.php?rest_route=\/wp\/v2\/posts\/6137","targetHints":{"allow":["GET"]}}],"collection":[{"href":"https:\/\/hbg-koeln.de\/index.php?rest_route=\/wp\/v2\/posts"}],"about":[{"href":"https:\/\/hbg-koeln.de\/index.php?rest_route=\/wp\/v2\/types\/post"}],"author":[{"embeddable":true,"href":"https:\/\/hbg-koeln.de\/index.php?rest_route=\/wp\/v2\/users\/9"}],"replies":[{"embeddable":true,"href":"https:\/\/hbg-koeln.de\/index.php?rest_route=%2Fwp%2Fv2%2Fcomments&post=6137"}],"version-history":[{"count":5,"href":"https:\/\/hbg-koeln.de\/index.php?rest_route=\/wp\/v2\/posts\/6137\/revisions"}],"predecessor-version":[{"id":6146,"href":"https:\/\/hbg-koeln.de\/index.php?rest_route=\/wp\/v2\/posts\/6137\/revisions\/6146"}],"wp:attachment":[{"href":"https:\/\/hbg-koeln.de\/index.php?rest_route=%2Fwp%2Fv2%2Fmedia&parent=6137"}],"wp:term":[{"taxonomy":"category","embeddable":true,"href":"https:\/\/hbg-koeln.de\/index.php?rest_route=%2Fwp%2Fv2%2Fcategories&post=6137"},{"taxonomy":"post_tag","embeddable":true,"href":"https:\/\/hbg-koeln.de\/index.php?rest_route=%2Fwp%2Fv2%2Ftags&post=6137"}],"curies":[{"name":"wp","href":"https:\/\/api.w.org\/{rel}","templated":true}]}}