{"id":6184,"date":"2018-09-22T17:35:06","date_gmt":"2018-09-22T15:35:06","guid":{"rendered":"http:\/\/hbg-koeln.de\/?p=6184"},"modified":"2018-09-22T17:36:06","modified_gmt":"2018-09-22T15:36:06","slug":"6184","status":"publish","type":"post","link":"https:\/\/hbg-koeln.de\/?p=6184","title":{"rendered":""},"content":{"rendered":"<p><span style=\"color: #000000;\">W<\/span><span style=\"color: #000000;\"><img loading=\"lazy\" decoding=\"async\" class=\"wp-image-6183 alignleft\" src=\"http:\/\/hbg-koeln.de\/wp-content\/uploads\/2018\/09\/Richard-Dohmesen-hellblau.jpg\" alt=\"\" width=\"219\" height=\"189\" srcset=\"https:\/\/hbg-koeln.de\/wp-content\/uploads\/2018\/09\/Richard-Dohmesen-hellblau.jpg 591w, https:\/\/hbg-koeln.de\/wp-content\/uploads\/2018\/09\/Richard-Dohmesen-hellblau-300x259.jpg 300w\" sizes=\"auto, (max-width: 219px) 100vw, 219px\" \/><\/span><span style=\"color: #000000;\">ir nehmen Abschied von Richard Dohmesen, der viele Jahre pr\u00e4gend und mit gro\u00dfe<\/span><span style=\"color: #000000;\">m Engagement als Lehrer an der Heinrich-B\u00f6ll-Gesamtschule t\u00e4tig war. Er ist am 18.September 2018 gestorben. Die Trauerfeier findet am Donnerstag, 27. September um 13.30 Uhr in der Friedhofskapelle Burscheid, Altenberger Str.16 statt.<\/span><\/p>\n","protected":false},"excerpt":{"rendered":"<p>Wir nehmen Abschied von Richard Dohmesen, der viele Jahre pr\u00e4gend und mit gro\u00dfem Engagement als Lehrer an der Heinrich-B\u00f6ll-Gesamtschule t\u00e4tig war. Er ist am 18.September 2018 gestorben. Die Trauerfeier findet am Donnerstag, 27. September um 13.30<a class=\"moretag\" href=\"https:\/\/hbg-koeln.de\/?p=6184\">Read More&#8230;<\/a><\/p>\n","protected":false},"author":9,"featured_media":0,"comment_status":"closed","ping_status":"open","sticky":false,"template":"","format":"standard","meta":{"ngg_post_thumbnail":0,"footnotes":""},"categories":[13,1],"tags":[],"class_list":["post-6184","post","type-post","status-publish","format-standard","hentry","category-aktuelles","category-allgemein"],"_links":{"self":[{"href":"https:\/\/hbg-koeln.de\/index.php?rest_route=\/wp\/v2\/posts\/6184","targetHints":{"allow":["GET"]}}],"collection":[{"href":"https:\/\/hbg-koeln.de\/index.php?rest_route=\/wp\/v2\/posts"}],"about":[{"href":"https:\/\/hbg-koeln.de\/index.php?rest_route=\/wp\/v2\/types\/post"}],"author":[{"embeddable":true,"href":"https:\/\/hbg-koeln.de\/index.php?rest_route=\/wp\/v2\/users\/9"}],"replies":[{"embeddable":true,"href":"https:\/\/hbg-koeln.de\/index.php?rest_route=%2Fwp%2Fv2%2Fcomments&post=6184"}],"version-history":[{"count":3,"href":"https:\/\/hbg-koeln.de\/index.php?rest_route=\/wp\/v2\/posts\/6184\/revisions"}],"predecessor-version":[{"id":6187,"href":"https:\/\/hbg-koeln.de\/index.php?rest_route=\/wp\/v2\/posts\/6184\/revisions\/6187"}],"wp:attachment":[{"href":"https:\/\/hbg-koeln.de\/index.php?rest_route=%2Fwp%2Fv2%2Fmedia&parent=6184"}],"wp:term":[{"taxonomy":"category","embeddable":true,"href":"https:\/\/hbg-koeln.de\/index.php?rest_route=%2Fwp%2Fv2%2Fcategories&post=6184"},{"taxonomy":"post_tag","embeddable":true,"href":"https:\/\/hbg-koeln.de\/index.php?rest_route=%2Fwp%2Fv2%2Ftags&post=6184"}],"curies":[{"name":"wp","href":"https:\/\/api.w.org\/{rel}","templated":true}]}}