{"id":6225,"date":"2018-10-12T17:56:28","date_gmt":"2018-10-12T15:56:28","guid":{"rendered":"http:\/\/hbg-koeln.de\/?p=6225"},"modified":"2018-10-12T17:56:47","modified_gmt":"2018-10-12T15:56:47","slug":"tanzprojekt-180","status":"publish","type":"post","link":"https:\/\/hbg-koeln.de\/?p=6225","title":{"rendered":"Tanzprojekt 180\u00b0"},"content":{"rendered":"<p>In der Projektwoche vor den Herbstferien 2018 f\u00fchrten die beiden K<a href=\"http:\/\/hbg-koeln.de\/wp-content\/uploads\/2018\/10\/image2.jpeg\"><img loading=\"lazy\" decoding=\"async\" class=\" wp-image-6227 alignright\" src=\"http:\/\/hbg-koeln.de\/wp-content\/uploads\/2018\/10\/image2-1024x768.jpeg\" alt=\"\" width=\"279\" height=\"209\" srcset=\"https:\/\/hbg-koeln.de\/wp-content\/uploads\/2018\/10\/image2-1024x768.jpeg 1024w, https:\/\/hbg-koeln.de\/wp-content\/uploads\/2018\/10\/image2-300x225.jpeg 300w, https:\/\/hbg-koeln.de\/wp-content\/uploads\/2018\/10\/image2-768x576.jpeg 768w\" sizes=\"auto, (max-width: 279px) 100vw, 279px\" \/><\/a>lassen 5.3 und 5.4 ein Tanzprojekt zum Thema \u201eMut\u201c durch. Die beiden Tanzp\u00e4dagoginnen <strong>Katharina Sim<\/strong> und <strong>Hannah Rinaldi<\/strong> begleiteten die 56 Sch\u00fcler*innen mit viel Energie durch die Woche.<\/p>\n<p>Am 12. Oktober endete die Woche mit einer gro\u00dfen Auff\u00fchrung im PZ, zu der insgesamt ca. 150 am Ende begeisterte Zuschauer erschienen.<\/p>\n<p>Neben Katharina und Hannah danken wir <strong>Frau Gadelha<\/strong> vom <strong>Landesb\u00fcro Tanz NRW<\/strong> und dem <strong>F\u00f6rderverein der HBG<\/strong>, der die Woche mit einem gro\u00dfz\u00fcgigen Zuschuss erm\u00f6glichte.<\/p>\n<p>Die Klassenlehrer*innen der 5.3 und 5.4<\/p>\n","protected":false},"excerpt":{"rendered":"<p>In der Projektwoche vor den Herbstferien 2018 f\u00fchrten die beiden Klassen 5.3 und 5.4 ein Tanzprojekt zum Thema \u201eMut\u201c durch. Die beiden Tanzp\u00e4dagoginnen Katharina Sim und Hannah Rinaldi begleiteten die 56 Sch\u00fcler*innen mit viel Energie durch<a class=\"moretag\" href=\"https:\/\/hbg-koeln.de\/?p=6225\">Read More&#8230;<\/a><\/p>\n","protected":false},"author":7,"featured_media":0,"comment_status":"closed","ping_status":"open","sticky":false,"template":"","format":"standard","meta":{"ngg_post_thumbnail":0,"footnotes":""},"categories":[1],"tags":[],"class_list":["post-6225","post","type-post","status-publish","format-standard","hentry","category-allgemein"],"_links":{"self":[{"href":"https:\/\/hbg-koeln.de\/index.php?rest_route=\/wp\/v2\/posts\/6225","targetHints":{"allow":["GET"]}}],"collection":[{"href":"https:\/\/hbg-koeln.de\/index.php?rest_route=\/wp\/v2\/posts"}],"about":[{"href":"https:\/\/hbg-koeln.de\/index.php?rest_route=\/wp\/v2\/types\/post"}],"author":[{"embeddable":true,"href":"https:\/\/hbg-koeln.de\/index.php?rest_route=\/wp\/v2\/users\/7"}],"replies":[{"embeddable":true,"href":"https:\/\/hbg-koeln.de\/index.php?rest_route=%2Fwp%2Fv2%2Fcomments&post=6225"}],"version-history":[{"count":1,"href":"https:\/\/hbg-koeln.de\/index.php?rest_route=\/wp\/v2\/posts\/6225\/revisions"}],"predecessor-version":[{"id":6228,"href":"https:\/\/hbg-koeln.de\/index.php?rest_route=\/wp\/v2\/posts\/6225\/revisions\/6228"}],"wp:attachment":[{"href":"https:\/\/hbg-koeln.de\/index.php?rest_route=%2Fwp%2Fv2%2Fmedia&parent=6225"}],"wp:term":[{"taxonomy":"category","embeddable":true,"href":"https:\/\/hbg-koeln.de\/index.php?rest_route=%2Fwp%2Fv2%2Fcategories&post=6225"},{"taxonomy":"post_tag","embeddable":true,"href":"https:\/\/hbg-koeln.de\/index.php?rest_route=%2Fwp%2Fv2%2Ftags&post=6225"}],"curies":[{"name":"wp","href":"https:\/\/api.w.org\/{rel}","templated":true}]}}