{"id":6266,"date":"2018-11-21T12:19:48","date_gmt":"2018-11-21T10:19:48","guid":{"rendered":"http:\/\/hbg-koeln.de\/?p=6266"},"modified":"2018-11-21T12:19:48","modified_gmt":"2018-11-21T10:19:48","slug":"tag-der-offenen-tuer-einladung-info-oberstufe","status":"publish","type":"post","link":"https:\/\/hbg-koeln.de\/?p=6266","title":{"rendered":"Tag der offenen T\u00fcr &#8211; Einladung Info Oberstufe"},"content":{"rendered":"<p>Liebe Sch\u00fclerinnen und Sch\u00fcler der umliegenden weiterf\u00fchrenden Schulen, liebe Erziehungsberechtigte,<\/p>\n<p>alle an unserer Oberstufe Interessierten laden wir herzlich ein am 1. Dezember 2018 zu unserem Tag der offenen T\u00fcr zu kommen.<\/p>\n<p>In unserem P\u00e4dagogischen Zentrum stehen wir&nbsp; von 9-13 Uhr f\u00fcr individuelle Beratungen zur Verf\u00fcgung. Wer m\u00f6chte, kann an einer Schulf\u00fchrung teilnehmen. Um 11 Uhr gibt es au\u00dferdem im Oberstufenzentrum einen ausf\u00fchrlichen Vortrag zur gymnasialen Oberstufe und die Gelegenheit, weitere Fragen zu stellen.<\/p>\n<p>Wir freuen uns \u00fcber zahlreiche Besucherinnen und Besucher!<\/p>\n<p>Herzliche Gr\u00fc\u00dfe<br \/>\ndas Beratungsteam der Oberstufe der Heinrich-B\u00f6ll-Gesamtschule<\/p>\n","protected":false},"excerpt":{"rendered":"<p>Liebe Sch\u00fclerinnen und Sch\u00fcler der umliegenden weiterf\u00fchrenden Schulen, liebe Erziehungsberechtigte, alle an unserer Oberstufe Interessierten laden wir herzlich ein am 1. Dezember 2018 zu unserem Tag der offenen T\u00fcr zu kommen. In unserem P\u00e4dagogischen Zentrum stehen<a class=\"moretag\" href=\"https:\/\/hbg-koeln.de\/?p=6266\">Read More&#8230;<\/a><\/p>\n","protected":false},"author":1,"featured_media":0,"comment_status":"closed","ping_status":"open","sticky":false,"template":"","format":"standard","meta":{"ngg_post_thumbnail":0,"footnotes":""},"categories":[13],"tags":[],"class_list":["post-6266","post","type-post","status-publish","format-standard","hentry","category-aktuelles"],"_links":{"self":[{"href":"https:\/\/hbg-koeln.de\/index.php?rest_route=\/wp\/v2\/posts\/6266","targetHints":{"allow":["GET"]}}],"collection":[{"href":"https:\/\/hbg-koeln.de\/index.php?rest_route=\/wp\/v2\/posts"}],"about":[{"href":"https:\/\/hbg-koeln.de\/index.php?rest_route=\/wp\/v2\/types\/post"}],"author":[{"embeddable":true,"href":"https:\/\/hbg-koeln.de\/index.php?rest_route=\/wp\/v2\/users\/1"}],"replies":[{"embeddable":true,"href":"https:\/\/hbg-koeln.de\/index.php?rest_route=%2Fwp%2Fv2%2Fcomments&post=6266"}],"version-history":[{"count":1,"href":"https:\/\/hbg-koeln.de\/index.php?rest_route=\/wp\/v2\/posts\/6266\/revisions"}],"predecessor-version":[{"id":6267,"href":"https:\/\/hbg-koeln.de\/index.php?rest_route=\/wp\/v2\/posts\/6266\/revisions\/6267"}],"wp:attachment":[{"href":"https:\/\/hbg-koeln.de\/index.php?rest_route=%2Fwp%2Fv2%2Fmedia&parent=6266"}],"wp:term":[{"taxonomy":"category","embeddable":true,"href":"https:\/\/hbg-koeln.de\/index.php?rest_route=%2Fwp%2Fv2%2Fcategories&post=6266"},{"taxonomy":"post_tag","embeddable":true,"href":"https:\/\/hbg-koeln.de\/index.php?rest_route=%2Fwp%2Fv2%2Ftags&post=6266"}],"curies":[{"name":"wp","href":"https:\/\/api.w.org\/{rel}","templated":true}]}}