{"id":6390,"date":"2019-02-05T21:14:03","date_gmt":"2019-02-05T19:14:03","guid":{"rendered":"http:\/\/hbg-koeln.de\/?p=6390"},"modified":"2019-02-13T14:55:13","modified_gmt":"2019-02-13T12:55:13","slug":"jugend-debattiert-schulfinale-an-der-hbg-4","status":"publish","type":"post","link":"https:\/\/hbg-koeln.de\/?p=6390","title":{"rendered":"Jugend debattiert-Schulfinale an der HBG"},"content":{"rendered":"\n<div class=\"wp-block-image\"><figure class=\"alignright is-resized\"><img loading=\"lazy\" decoding=\"async\" src=\"https:\/\/hbg-koeln.de\/wp-content\/uploads\/2019\/02\/Schulfinale-2019-1024x623.jpg\" alt=\"\" class=\"wp-image-6391\" width=\"286\" height=\"173\" srcset=\"https:\/\/hbg-koeln.de\/wp-content\/uploads\/2019\/02\/Schulfinale-2019-1024x623.jpg 1024w, https:\/\/hbg-koeln.de\/wp-content\/uploads\/2019\/02\/Schulfinale-2019-300x183.jpg 300w, https:\/\/hbg-koeln.de\/wp-content\/uploads\/2019\/02\/Schulfinale-2019-768x467.jpg 768w\" sizes=\"auto, (max-width: 286px) 100vw, 286px\" \/><\/figure><\/div>\n\n\n\n<p>Seit dem Schuljahr 2015\/16 geh\u00f6rt die Heinrich-B\u00f6ll-Gesamtschule zu den rund 1.300 Schulen in Deutschland, die an dem mehrfach ausgezeichneten bundesweiten Sch\u00fclerwettbewerb Jugend debattiert teilnehmen. Am Dienstag, den 29. Januar 2019 fand zum vierten Mal an der HBG das Schulfinale im Rahmen dieses Wettbewerbs statt.\n\nAuf der B\u00fchne im Freizeitzentrum debattierten acht Sch\u00fclerinnen und Sch\u00fcler, die sich zuvor durch besondere Debattierleistungen ausgezeichnet hatten, \u00fcber die Fragen \u201eSoll privates Silvester-Feuerwerk verboten werden?\u201c (Sek. I) und \u201eSoll in Deutschland ein generelles Tempolimit auf Autobahnen eingef\u00fchrt werden?\u201c (Sek. II). \nAuch in diesem Jahr interessierten sich viele Sch\u00fclerinnen und Sch\u00fcler f\u00fcr die Debatten, so dass das Freizeitzentrum erneut gut gef\u00fcllt war. Dies ist umso erfreulicher, da es ein vorrangiges Ziel der Projektteilnahme ist, m\u00f6glichst viele Sch\u00fclerinnen und Sch\u00fcler an der HBG f\u00fcr das Debattieren zu begeistern und auf diese Weise an unserer Schule eine positive Diskussionskultur zu f\u00f6rdern.\n\nDie aus Sch\u00fclerinnen und Sch\u00fclern, Lehrerinnen und Lehrern, unserem Schulleiter, Herrn Rolf Grisard, sowie dem Bezirksb\u00fcrgermeister von Chorweiler, Herrn Reinhard Z\u00f6llner, bestehende Jury hatte eine schwierige Wahl zu treffen. Beim Regionalwettbewerb, der am 14. Februar 2019 an der K\u00f6nigin-Luise-Schule in K\u00f6ln stattfindet, werden nun Sude Metin und Michael Knofmacher (Sek. I) sowie Anna-Lena Drews und Umut Burak (Sek. II) die Heinrich-B\u00f6ll-Gesamtschule vertreten. Herzlichen Gl\u00fcckwunsch, wir dr\u00fccken Euch die Daumen! \n\nGro\u00dfer Respekt geb\u00fchrt jedoch s\u00e4mtlichen acht Schulfinalisten, die vor einem beachtlichen Publikum zwei interessante und faire Debatten gezeigt haben. Zudem bedanken wir uns bei allen Juroren herzlich f\u00fcr ihr Engagement.<\/p>\n","protected":false},"excerpt":{"rendered":"<p>Seit dem Schuljahr 2015\/16 geh\u00f6rt die Heinrich-B\u00f6ll-Gesamtschule zu den rund 1.300 Schulen in Deutschland, die an dem mehrfach ausgezeichneten bundesweiten Sch\u00fclerwettbewerb Jugend debattiert teilnehmen. Am Dienstag, den 29. Januar 2019 fand zum vierten Mal an der<a class=\"moretag\" href=\"https:\/\/hbg-koeln.de\/?p=6390\">Read More&#8230;<\/a><\/p>\n","protected":false},"author":7,"featured_media":0,"comment_status":"closed","ping_status":"open","sticky":false,"template":"","format":"standard","meta":{"ngg_post_thumbnail":0,"footnotes":""},"categories":[1],"tags":[],"class_list":["post-6390","post","type-post","status-publish","format-standard","hentry","category-allgemein"],"_links":{"self":[{"href":"https:\/\/hbg-koeln.de\/index.php?rest_route=\/wp\/v2\/posts\/6390","targetHints":{"allow":["GET"]}}],"collection":[{"href":"https:\/\/hbg-koeln.de\/index.php?rest_route=\/wp\/v2\/posts"}],"about":[{"href":"https:\/\/hbg-koeln.de\/index.php?rest_route=\/wp\/v2\/types\/post"}],"author":[{"embeddable":true,"href":"https:\/\/hbg-koeln.de\/index.php?rest_route=\/wp\/v2\/users\/7"}],"replies":[{"embeddable":true,"href":"https:\/\/hbg-koeln.de\/index.php?rest_route=%2Fwp%2Fv2%2Fcomments&post=6390"}],"version-history":[{"count":3,"href":"https:\/\/hbg-koeln.de\/index.php?rest_route=\/wp\/v2\/posts\/6390\/revisions"}],"predecessor-version":[{"id":6420,"href":"https:\/\/hbg-koeln.de\/index.php?rest_route=\/wp\/v2\/posts\/6390\/revisions\/6420"}],"wp:attachment":[{"href":"https:\/\/hbg-koeln.de\/index.php?rest_route=%2Fwp%2Fv2%2Fmedia&parent=6390"}],"wp:term":[{"taxonomy":"category","embeddable":true,"href":"https:\/\/hbg-koeln.de\/index.php?rest_route=%2Fwp%2Fv2%2Fcategories&post=6390"},{"taxonomy":"post_tag","embeddable":true,"href":"https:\/\/hbg-koeln.de\/index.php?rest_route=%2Fwp%2Fv2%2Ftags&post=6390"}],"curies":[{"name":"wp","href":"https:\/\/api.w.org\/{rel}","templated":true}]}}