{"id":6401,"date":"2019-02-09T18:51:26","date_gmt":"2019-02-09T16:51:26","guid":{"rendered":"http:\/\/hbg-koeln.de\/?p=6401"},"modified":"2019-02-09T18:51:27","modified_gmt":"2019-02-09T16:51:27","slug":"rodeln-statt-unterricht","status":"publish","type":"post","link":"https:\/\/hbg-koeln.de\/?p=6401","title":{"rendered":"Rodeln statt Unterricht"},"content":{"rendered":"\n<p>Am Dienstag, den 29. Januar 2019 g\u00f6nnte sich die Klasse 10.4 eine kleine Auszeit!\u00a0<\/p>\n\n\n\n<figure class=\"wp-block-image\"><img loading=\"lazy\" decoding=\"async\" width=\"1024\" height=\"768\" src=\"https:\/\/hbg-koeln.de\/wp-content\/uploads\/2019\/02\/rodeln_01-1024x768.jpg\" alt=\"\" class=\"wp-image-6402\" srcset=\"https:\/\/hbg-koeln.de\/wp-content\/uploads\/2019\/02\/rodeln_01-1024x768.jpg 1024w, https:\/\/hbg-koeln.de\/wp-content\/uploads\/2019\/02\/rodeln_01-300x225.jpg 300w, https:\/\/hbg-koeln.de\/wp-content\/uploads\/2019\/02\/rodeln_01-768x576.jpg 768w\" sizes=\"auto, (max-width: 1024px) 100vw, 1024px\" \/><\/figure>\n\n\n\n<p>Mit dem Bus fuhren wir nach Hellenthal in der Eifel, zum Ski- und Rodelgebiet \u201eAm wei\u00dfen Stein\u201c.&nbsp;<\/p>\n\n\n\n<p>Bis kurz vor Ankunft hatten wir Zweifel, ob denn \u00fcberhaupt Schnee liegt und ob wir rodeln k\u00f6nnen. Und dann erwartete uns ein wunderbarer Vormittag im Schnee: 40 cm Neuschnee, die Sonne schien, es war nicht zu kalt und alle waren begeistert.&nbsp;<\/p>\n\n\n\n<figure class=\"wp-block-image\"><img loading=\"lazy\" decoding=\"async\" width=\"1024\" height=\"768\" src=\"https:\/\/hbg-koeln.de\/wp-content\/uploads\/2019\/02\/rodeln_02-1024x768.jpg\" alt=\"\" class=\"wp-image-6403\" srcset=\"https:\/\/hbg-koeln.de\/wp-content\/uploads\/2019\/02\/rodeln_02-1024x768.jpg 1024w, https:\/\/hbg-koeln.de\/wp-content\/uploads\/2019\/02\/rodeln_02-300x225.jpg 300w, https:\/\/hbg-koeln.de\/wp-content\/uploads\/2019\/02\/rodeln_02-768x576.jpg 768w\" sizes=\"auto, (max-width: 1024px) 100vw, 1024px\" \/><\/figure>\n\n\n\n<p>Es wurde gerodelt, Schneeb\u00e4lle flogen hin und her, manche rollten den Rodelhang ohne Schlitten herunter und es wurde viel gekreischt und gelacht.&nbsp;<\/p>\n\n\n\n<p>Nach zweieinhalb Stunden sa\u00dfen alle wieder mit roten Wangen im Bus und w\u00e4rmten sich auf. Wie gut, dass wir, obwohl in K\u00f6ln keine Schneeflocke fiel, uns getraut haben zu fahren.&nbsp;&nbsp;&nbsp;<\/p>\n","protected":false},"excerpt":{"rendered":"<p>Am Dienstag, den 29. Januar 2019 g\u00f6nnte sich die Klasse 10.4 eine kleine Auszeit!\u00a0 Mit dem Bus fuhren wir nach Hellenthal in der Eifel, zum Ski- und Rodelgebiet \u201eAm wei\u00dfen Stein\u201c.&nbsp; Bis kurz vor Ankunft hatten<a class=\"moretag\" href=\"https:\/\/hbg-koeln.de\/?p=6401\">Read More&#8230;<\/a><\/p>\n","protected":false},"author":1,"featured_media":0,"comment_status":"closed","ping_status":"open","sticky":false,"template":"","format":"standard","meta":{"ngg_post_thumbnail":0,"footnotes":""},"categories":[13],"tags":[],"class_list":["post-6401","post","type-post","status-publish","format-standard","hentry","category-aktuelles"],"_links":{"self":[{"href":"https:\/\/hbg-koeln.de\/index.php?rest_route=\/wp\/v2\/posts\/6401","targetHints":{"allow":["GET"]}}],"collection":[{"href":"https:\/\/hbg-koeln.de\/index.php?rest_route=\/wp\/v2\/posts"}],"about":[{"href":"https:\/\/hbg-koeln.de\/index.php?rest_route=\/wp\/v2\/types\/post"}],"author":[{"embeddable":true,"href":"https:\/\/hbg-koeln.de\/index.php?rest_route=\/wp\/v2\/users\/1"}],"replies":[{"embeddable":true,"href":"https:\/\/hbg-koeln.de\/index.php?rest_route=%2Fwp%2Fv2%2Fcomments&post=6401"}],"version-history":[{"count":1,"href":"https:\/\/hbg-koeln.de\/index.php?rest_route=\/wp\/v2\/posts\/6401\/revisions"}],"predecessor-version":[{"id":6404,"href":"https:\/\/hbg-koeln.de\/index.php?rest_route=\/wp\/v2\/posts\/6401\/revisions\/6404"}],"wp:attachment":[{"href":"https:\/\/hbg-koeln.de\/index.php?rest_route=%2Fwp%2Fv2%2Fmedia&parent=6401"}],"wp:term":[{"taxonomy":"category","embeddable":true,"href":"https:\/\/hbg-koeln.de\/index.php?rest_route=%2Fwp%2Fv2%2Fcategories&post=6401"},{"taxonomy":"post_tag","embeddable":true,"href":"https:\/\/hbg-koeln.de\/index.php?rest_route=%2Fwp%2Fv2%2Ftags&post=6401"}],"curies":[{"name":"wp","href":"https:\/\/api.w.org\/{rel}","templated":true}]}}