{"id":6445,"date":"2019-03-13T17:13:55","date_gmt":"2019-03-13T15:13:55","guid":{"rendered":"http:\/\/hbg-koeln.de\/?p=6445"},"modified":"2019-03-13T17:13:57","modified_gmt":"2019-03-13T15:13:57","slug":"berlin-2019-ab-in-den-bundestag","status":"publish","type":"post","link":"https:\/\/hbg-koeln.de\/?p=6445","title":{"rendered":"Berlin 2019 -Ab in den Bundestag"},"content":{"rendered":"\n<p>\u00a0Am 31. Januar ging es f\u00fcr 20 Sch\u00fclerinnen und Sch\u00fcler aus der Q2 mit Frau Kreutz und Frau Lorenz nach Berlin. Dank der Einladung des Bundestagsabgeordneten Dr. Rolf M\u00fctzenich konnten wir in zwei Tagen Berlin interessante Eindr\u00fccke mitnehmen. Nach einem gemeinsamen Essen und ein wenig Freizeit am ersten Abend ging es f\u00fcr uns am n\u00e4chsten Morgen zum Bundestag. Dort hatten wir die M\u00f6glichkeit nach dem Durchlaufen der Sicherheitskontrolle eine Stunde auf den Trib\u00fcnen, mitten im Geschehen, den Diskussionen und Reden der einzelnen Parteimitglieder zum Thema \u201eVerschmutzung der Weltmeere durch Plastikm\u00fcll\u201c beizuwohnen.\u00a0<\/p>\n\n\n\n<p>Nach\ninteressanten Debatten \u00fcber einen Antrag der Gr\u00fcnen zu diesem Thema hatten wir\ndanach die M\u00f6glichkeit, dem Sozialdemokrat Rolf M\u00fctzenich unsere Fragen zu\nstellen. Da er auf Au\u00dfenpolitik spezialisiert ist, konnten wir dabei an Unterrichtsinhalte\nankn\u00fcpfen und nebenbei noch vielf\u00e4ltige Einblicke in das Leben eines Politikers\nerhalten.<\/p>\n\n\n\n<p>Am n\u00e4chsten Morgen trafen wir uns schon um 8:30 Uhr in der Hotellobby,  um noch gemeinsam fr\u00fchst\u00fccken zu k\u00f6nnen, bis wir zu unserer F\u00fchrung durch das ehemalige Stasi-Gef\u00e4ngnis Hohensch\u00f6nhausen aufbrechen mussten. Dort angelangt, wurden wir nach einem 20-min\u00fctigen Dokumentarfilm 90 Minuten lang durch das Gef\u00e4ngnis gef\u00fchrt. Uns wurden die dunklen schauderhaften Seiten n\u00e4hergebracht, welche viele Menschen in der DDR nach dem zweiten Weltkrieg erleben mussten und wir konnten einen Eindruck dar\u00fcber gewinnen, wie es in dieser Zeit in Berlin war, wie Menschen in der DDR stellenweise litten, und dass sich das sozialistische System in der DDR nicht glorifizieren l\u00e4sst, wie es manchmal doch geschieht. Nach aufschlussreichen zwei Stunden dort ging es f\u00fcr uns am Nachmittag wieder zur\u00fcck nach K\u00f6ln.\u00a0<\/p>\n\n\n\n<p>Nach\neiner kurzen Pause, in der wir die Kuppel des Bundestags besichtigen konnten, waren\nwir noch im Verwaltungsgeb\u00e4ude zum Mittagessen eingeladen. Nach einem\naufschlussreichen Tag, an dem wir viel entdecken konnten, hatten wir den Abend danach\nFreizeit, um Berlin noch eigenst\u00e4ndig entdecken zu k\u00f6nnen.<\/p>\n\n\n\n<p>Wir\nkonnten in den zwei Tagen viele Eindr\u00fccke mitnehmen, wie es in der Politik\nheute aussieht und auch noch etwas \u00fcber die Vergangenheit lernen. Ein Dank geht\ndaher auch an den F\u00f6rderverein, der unsere Reise unterst\u00fctzt hat und uns somit die\nM\u00f6glichkeit gegeben hat, Berlin mal etwas anders entdecken zu k\u00f6nnen.&nbsp;<\/p>\n\n\n\n<p>(Antonia\nS\u00e4nger, Q2)<\/p>\n\n\n\n<p><br><\/p>\n","protected":false},"excerpt":{"rendered":"<p>\u00a0Am 31. Januar ging es f\u00fcr 20 Sch\u00fclerinnen und Sch\u00fcler aus der Q2 mit Frau Kreutz und Frau Lorenz nach Berlin. Dank der Einladung des Bundestagsabgeordneten Dr. Rolf M\u00fctzenich konnten wir in zwei Tagen Berlin interessante<a class=\"moretag\" href=\"https:\/\/hbg-koeln.de\/?p=6445\">Read More&#8230;<\/a><\/p>\n","protected":false},"author":9,"featured_media":0,"comment_status":"closed","ping_status":"open","sticky":false,"template":"","format":"standard","meta":{"ngg_post_thumbnail":0,"footnotes":""},"categories":[1],"tags":[],"class_list":["post-6445","post","type-post","status-publish","format-standard","hentry","category-allgemein"],"_links":{"self":[{"href":"https:\/\/hbg-koeln.de\/index.php?rest_route=\/wp\/v2\/posts\/6445","targetHints":{"allow":["GET"]}}],"collection":[{"href":"https:\/\/hbg-koeln.de\/index.php?rest_route=\/wp\/v2\/posts"}],"about":[{"href":"https:\/\/hbg-koeln.de\/index.php?rest_route=\/wp\/v2\/types\/post"}],"author":[{"embeddable":true,"href":"https:\/\/hbg-koeln.de\/index.php?rest_route=\/wp\/v2\/users\/9"}],"replies":[{"embeddable":true,"href":"https:\/\/hbg-koeln.de\/index.php?rest_route=%2Fwp%2Fv2%2Fcomments&post=6445"}],"version-history":[{"count":1,"href":"https:\/\/hbg-koeln.de\/index.php?rest_route=\/wp\/v2\/posts\/6445\/revisions"}],"predecessor-version":[{"id":6446,"href":"https:\/\/hbg-koeln.de\/index.php?rest_route=\/wp\/v2\/posts\/6445\/revisions\/6446"}],"wp:attachment":[{"href":"https:\/\/hbg-koeln.de\/index.php?rest_route=%2Fwp%2Fv2%2Fmedia&parent=6445"}],"wp:term":[{"taxonomy":"category","embeddable":true,"href":"https:\/\/hbg-koeln.de\/index.php?rest_route=%2Fwp%2Fv2%2Fcategories&post=6445"},{"taxonomy":"post_tag","embeddable":true,"href":"https:\/\/hbg-koeln.de\/index.php?rest_route=%2Fwp%2Fv2%2Ftags&post=6445"}],"curies":[{"name":"wp","href":"https:\/\/api.w.org\/{rel}","templated":true}]}}