{"id":6453,"date":"2019-03-13T23:53:10","date_gmt":"2019-03-13T21:53:10","guid":{"rendered":"http:\/\/hbg-koeln.de\/?p=6453"},"modified":"2019-03-13T23:59:48","modified_gmt":"2019-03-13T21:59:48","slug":"karnevalssitzung-des-5-jahrgangs","status":"publish","type":"post","link":"https:\/\/hbg-koeln.de\/?p=6453","title":{"rendered":"Karnevalssitzung des 5.Jahrgangs"},"content":{"rendered":"\n<div class=\"wp-block-image\"><figure class=\"alignright is-resized\"><img loading=\"lazy\" decoding=\"async\" src=\"https:\/\/hbg-koeln.de\/wp-content\/uploads\/2019\/03\/4d356340-bcbf-453c-b5f1-f262a6291bd2-1024x768.jpg\" alt=\"\" class=\"wp-image-6456\" width=\"325\" height=\"244\" srcset=\"https:\/\/hbg-koeln.de\/wp-content\/uploads\/2019\/03\/4d356340-bcbf-453c-b5f1-f262a6291bd2-1024x768.jpg 1024w, https:\/\/hbg-koeln.de\/wp-content\/uploads\/2019\/03\/4d356340-bcbf-453c-b5f1-f262a6291bd2-300x225.jpg 300w, https:\/\/hbg-koeln.de\/wp-content\/uploads\/2019\/03\/4d356340-bcbf-453c-b5f1-f262a6291bd2-768x576.jpg 768w, https:\/\/hbg-koeln.de\/wp-content\/uploads\/2019\/03\/4d356340-bcbf-453c-b5f1-f262a6291bd2.jpg 1600w\" sizes=\"auto, (max-width: 325px) 100vw, 325px\" \/><figcaption>Kinder- und Jugenstanzgruppe JvW<\/figcaption><\/figure><\/div>\n\n\n\n<p>An Wieverfastelovend war es soweit. Sitzungspr\u00e4sident Theo L\u00fcnsdorf empfing rund 220 bunt verkleidete Kinder zur ersten Karnevalssitzung der Heinrich-B\u00f6ll-Gesamtschule im PZ. Die Jecken erwartete ein abwechselndungsreiches Programm, das sowohl von den Sch\u00fclerinnen und Sch\u00fclern selbst, aber auch von externen Gruppen gestaltet wurde. So konnte in der HBG die Tanzgruppe Colonias P\u00e4nz und auch die Kinder- und Jugendtanzgruppe des Reiterkorps <\/p>\n\n\n\n<div class=\"wp-block-image\"><figure class=\"alignright is-resized\"><img loading=\"lazy\" decoding=\"async\" src=\"https:\/\/hbg-koeln.de\/wp-content\/uploads\/2019\/03\/P1110859-1-1024x768.jpg\" alt=\"\" class=\"wp-image-6461\" width=\"325\" height=\"244\" srcset=\"https:\/\/hbg-koeln.de\/wp-content\/uploads\/2019\/03\/P1110859-1-1024x768.jpg 1024w, https:\/\/hbg-koeln.de\/wp-content\/uploads\/2019\/03\/P1110859-1-300x225.jpg 300w, https:\/\/hbg-koeln.de\/wp-content\/uploads\/2019\/03\/P1110859-1-768x576.jpg 768w\" sizes=\"auto, (max-width: 325px) 100vw, 325px\" \/><figcaption>Colonias P\u00e4nz<\/figcaption><\/figure><\/div>\n\n\n\n<p>Jan von Werth begr\u00fc\u00dft werden. Zwischen den Programmpunkten wurden immer wieder verschiedene k\u00f6lsche Lieder mit der hauseigenen Band angestimmt und von allen Jecken lautstark mitgesungen. Es war somit ein sehr gelungener Auftakt in die jecken Tage.<\/p>\n","protected":false},"excerpt":{"rendered":"<p>An Wieverfastelovend war es soweit. Sitzungspr\u00e4sident Theo L\u00fcnsdorf empfing rund 220 bunt verkleidete Kinder zur ersten Karnevalssitzung der Heinrich-B\u00f6ll-Gesamtschule im PZ. Die Jecken erwartete ein abwechselndungsreiches Programm, das sowohl von den Sch\u00fclerinnen und Sch\u00fclern selbst, aber<a class=\"moretag\" href=\"https:\/\/hbg-koeln.de\/?p=6453\">Read More&#8230;<\/a><\/p>\n","protected":false},"author":7,"featured_media":0,"comment_status":"closed","ping_status":"open","sticky":false,"template":"","format":"standard","meta":{"ngg_post_thumbnail":0,"footnotes":""},"categories":[1],"tags":[],"class_list":["post-6453","post","type-post","status-publish","format-standard","hentry","category-allgemein"],"_links":{"self":[{"href":"https:\/\/hbg-koeln.de\/index.php?rest_route=\/wp\/v2\/posts\/6453","targetHints":{"allow":["GET"]}}],"collection":[{"href":"https:\/\/hbg-koeln.de\/index.php?rest_route=\/wp\/v2\/posts"}],"about":[{"href":"https:\/\/hbg-koeln.de\/index.php?rest_route=\/wp\/v2\/types\/post"}],"author":[{"embeddable":true,"href":"https:\/\/hbg-koeln.de\/index.php?rest_route=\/wp\/v2\/users\/7"}],"replies":[{"embeddable":true,"href":"https:\/\/hbg-koeln.de\/index.php?rest_route=%2Fwp%2Fv2%2Fcomments&post=6453"}],"version-history":[{"count":9,"href":"https:\/\/hbg-koeln.de\/index.php?rest_route=\/wp\/v2\/posts\/6453\/revisions"}],"predecessor-version":[{"id":6468,"href":"https:\/\/hbg-koeln.de\/index.php?rest_route=\/wp\/v2\/posts\/6453\/revisions\/6468"}],"wp:attachment":[{"href":"https:\/\/hbg-koeln.de\/index.php?rest_route=%2Fwp%2Fv2%2Fmedia&parent=6453"}],"wp:term":[{"taxonomy":"category","embeddable":true,"href":"https:\/\/hbg-koeln.de\/index.php?rest_route=%2Fwp%2Fv2%2Fcategories&post=6453"},{"taxonomy":"post_tag","embeddable":true,"href":"https:\/\/hbg-koeln.de\/index.php?rest_route=%2Fwp%2Fv2%2Ftags&post=6453"}],"curies":[{"name":"wp","href":"https:\/\/api.w.org\/{rel}","templated":true}]}}