{"id":6521,"date":"2019-05-30T12:53:38","date_gmt":"2019-05-30T10:53:38","guid":{"rendered":"http:\/\/hbg-koeln.de\/?p=6521"},"modified":"2019-05-30T12:56:21","modified_gmt":"2019-05-30T10:56:21","slug":"autorenlesung","status":"publish","type":"post","link":"https:\/\/hbg-koeln.de\/?p=6521","title":{"rendered":"Autorenlesung"},"content":{"rendered":"\n<div class=\"wp-block-image\"><figure class=\"alignright is-resized\"><a href=\"https:\/\/hbg-koeln.de\/wp-content\/uploads\/2019\/05\/DSC06528.jpg\"><img loading=\"lazy\" decoding=\"async\" src=\"https:\/\/hbg-koeln.de\/wp-content\/uploads\/2019\/05\/DSC06528-685x1024.jpg\" alt=\"\" class=\"wp-image-6522\" width=\"324\" height=\"484\" srcset=\"https:\/\/hbg-koeln.de\/wp-content\/uploads\/2019\/05\/DSC06528-685x1024.jpg 685w, https:\/\/hbg-koeln.de\/wp-content\/uploads\/2019\/05\/DSC06528-201x300.jpg 201w, https:\/\/hbg-koeln.de\/wp-content\/uploads\/2019\/05\/DSC06528-768x1147.jpg 768w\" sizes=\"auto, (max-width: 324px) 100vw, 324px\" \/><\/a><\/figure><\/div>\n\n\n\n<p>&nbsp;Anl\u00e4sslich der\nInternationalen Kinder- &amp; Jugendbuchwochen hatten wir, dank der SK Stiftung\nKultur und unserem F\u00f6rderverein, die besondere M\u00f6glichkeit die norwegische\nAutorin Iben Akerlie und Ihren Dolmetscher John Thorweihe bei uns zu Gast zu\nhaben.<\/p>\n\n\n\n<p>Am 20.05.2019 kamen dazu vier Klassen des 5. Jahrgangs in die\nBibliothek, um an dieser Autorenlesung teilzunehmen. Vorgestellt wurde das Buch\n\u201eLars, mein Freund\u201c in welchem es um Freundschaft, Integration und Mobbing\ngeht.<\/p>\n\n\n\n<p><em>\u201eVerliebt,\nfeige und doch ganz mutig<\/em><\/p>\n\n\n\n<p><em>Amanda\nliebt Adam, der in ihre Klasse geht, aber Adam liebt Amanda nicht. Und als ob\ndas nicht schon schlimm genug w\u00e4re, bekommt Amanda von ihrer Lehrerin eine ganz\nbesondere Aufgabe zugeteilt: Sie soll sich um den neuen Mitsch\u00fcler Lars\nk\u00fcmmern, der das Downsyndrom hat. Furchtbar findet Amanda das. Nicht weil\nVorurteile sie qu\u00e4len, nicht weil Lars ihr etwa unsympathisch w\u00e4re. Nein, sie\nhat Angst bei den anderen anzuecken und nicht mehr beliebt zu sein. Aber mit\nLars ist es nett, vor allem nach dem Unterricht bei ihm zu Hause am\u00fcsiert sich\nAmanda wie Bolle. Und trotzdem schwelt ein Brand in der Klasse, der Lars\nbetrifft. Als die Katastrophe fast unausweichlich scheint, muss Amanda Position\nbeziehen \u2013 und stellt sich gegen Lars. Ob er ihr je verzeihen kann?\u201c<\/em><\/p>\n\n\n\n<p>W\u00e4hrend der Lesung haben die Autorin und der Dolmetscher\nausgew\u00e4hlte Abschnitte aus dem Buch abwechselnd auf Norwegisch und Deutsch\nvorgelesen und die Sch\u00fclerInnen konnten zwischendrin und im Anschluss einige\nFragen bez\u00fcglich der Textpassagen, aber auch pers\u00f6nliche, an die Autorin\nstellen. Die Lesung war eine spannende Abwechslung zum normalen Schulalltag und\ndie Nachfrage f\u00fcr das Buch war anschlie\u00dfend riesig.<\/p>\n\n\n\n<p>Wir bedanken uns nochmal bei der Autorin Iben Akerlie und dem\nDolmetscher John Thorweihe f\u00fcr die interessante und spannende Zeit und bei der\nSK Stiftung Kultur und dem F\u00f6rderverein der HBG, dass sie uns dies erm\u00f6glicht\nhaben.<\/p>\n\n\n\n<p>Das Buch \u201eLars, mein Freund\u201c haben wir in zweifacher\nAusf\u00fchrung zur Ausleihe in unserer Bibliothek.<\/p>\n","protected":false},"excerpt":{"rendered":"<p>&nbsp;Anl\u00e4sslich der Internationalen Kinder- &amp; Jugendbuchwochen hatten wir, dank der SK Stiftung Kultur und unserem F\u00f6rderverein, die besondere M\u00f6glichkeit die norwegische Autorin Iben Akerlie und Ihren Dolmetscher John Thorweihe bei uns zu Gast zu haben. Am<a class=\"moretag\" href=\"https:\/\/hbg-koeln.de\/?p=6521\">Read More&#8230;<\/a><\/p>\n","protected":false},"author":11,"featured_media":0,"comment_status":"closed","ping_status":"open","sticky":false,"template":"","format":"standard","meta":{"ngg_post_thumbnail":0,"footnotes":""},"categories":[1],"tags":[],"class_list":["post-6521","post","type-post","status-publish","format-standard","hentry","category-allgemein"],"_links":{"self":[{"href":"https:\/\/hbg-koeln.de\/index.php?rest_route=\/wp\/v2\/posts\/6521","targetHints":{"allow":["GET"]}}],"collection":[{"href":"https:\/\/hbg-koeln.de\/index.php?rest_route=\/wp\/v2\/posts"}],"about":[{"href":"https:\/\/hbg-koeln.de\/index.php?rest_route=\/wp\/v2\/types\/post"}],"author":[{"embeddable":true,"href":"https:\/\/hbg-koeln.de\/index.php?rest_route=\/wp\/v2\/users\/11"}],"replies":[{"embeddable":true,"href":"https:\/\/hbg-koeln.de\/index.php?rest_route=%2Fwp%2Fv2%2Fcomments&post=6521"}],"version-history":[{"count":2,"href":"https:\/\/hbg-koeln.de\/index.php?rest_route=\/wp\/v2\/posts\/6521\/revisions"}],"predecessor-version":[{"id":6524,"href":"https:\/\/hbg-koeln.de\/index.php?rest_route=\/wp\/v2\/posts\/6521\/revisions\/6524"}],"wp:attachment":[{"href":"https:\/\/hbg-koeln.de\/index.php?rest_route=%2Fwp%2Fv2%2Fmedia&parent=6521"}],"wp:term":[{"taxonomy":"category","embeddable":true,"href":"https:\/\/hbg-koeln.de\/index.php?rest_route=%2Fwp%2Fv2%2Fcategories&post=6521"},{"taxonomy":"post_tag","embeddable":true,"href":"https:\/\/hbg-koeln.de\/index.php?rest_route=%2Fwp%2Fv2%2Ftags&post=6521"}],"curies":[{"name":"wp","href":"https:\/\/api.w.org\/{rel}","templated":true}]}}