{"id":6566,"date":"2019-07-08T09:07:26","date_gmt":"2019-07-08T07:07:26","guid":{"rendered":"http:\/\/hbg-koeln.de\/?p=6566"},"modified":"2019-07-08T09:08:07","modified_gmt":"2019-07-08T07:08:07","slug":"u18-wahl-2019","status":"publish","type":"post","link":"https:\/\/hbg-koeln.de\/?p=6566","title":{"rendered":"U18-Wahl 2019"},"content":{"rendered":"\n<p>Kurz vor den Sommerferien noch ein kleiner R\u00fcckblick auf das Schuljahr der\nHBG aus politischer Sicht. Im Vorfeld der Wahlen zum Europ\u00e4ischen Parlament am\n26. Mai 2019 fanden auch an der HBG wieder U18-Wahlen zum Europ\u00e4ischen Parlament\nstatt, und zwar am Donnerstag, den 16.05.2019. Den ganzen Tag \u00fcber konnten die\nSch\u00fclerinnen und Sch\u00fcler, im Freizeitzentrum unserer Schule, mit ihrer Stimme\neine Partei f\u00fcr das Europ\u00e4ische Parlament w\u00e4hlen.<\/p>\n\n\n\n<p>Neben der unterrichtlichen Vorbereitung in den einzelnen Klassen und Kursen\ngab es dar\u00fcber hinaus noch ein Angebot der SV. In den gro\u00dfen Pausen konnten\nKurzentschlossene den Computerraum der Oberstufe nutzen, um den Wahl-O-Mat der\nBundeszentrale f\u00fcr politische Bildung auszuprobieren, und dar\u00fcber hinaus mit\nanderen Sch\u00fclerinnen und Sch\u00fclern ins Gespr\u00e4ch zu kommen.<\/p>\n\n\n\n<p>W\u00e4hrend des Wahltags \u00fcbernahmen einige Sch\u00fclerinnen und Sch\u00fcler der SV sowie\nder Jahrgangsstufen 7, 9, 11 und 12 sehr verantwortungsbewusst die Aufgaben der\nWahlhelfer\/innen, nat\u00fcrlich mit Unterst\u00fctzung einiger Lehrerinnen und Lehrer.<\/p>\n\n\n\n<p>Jede Sch\u00fclerin und jeder Sch\u00fcler, der unter 18 Jahre alt ist, konnte seine\nStimme f\u00fcr die U18-Europawahl abgeben. Die Wahlbeteiligung lag bei 63,6\nProzent. Insgesamt war es wieder einer sehr gelungene Wahl, an der die\nSch\u00fclerinnen und Sch\u00fcler hautnah erfahren konnten, wie eine Wahl abl\u00e4uft.<\/p>\n\n\n\n<p>Im Vergleich hierzu die Gesamtergebnisse der\ndeutschlandweiten U18-Europawahl:<\/p>\n\n\n\n<figure class=\"wp-block-image\"><img loading=\"lazy\" decoding=\"async\" width=\"1024\" height=\"576\" src=\"https:\/\/hbg-koeln.de\/wp-content\/uploads\/2019\/07\/U18WahlHBGgesamt2019-1024x576.jpg\" alt=\"\" class=\"wp-image-6567\" srcset=\"https:\/\/hbg-koeln.de\/wp-content\/uploads\/2019\/07\/U18WahlHBGgesamt2019-1024x576.jpg 1024w, https:\/\/hbg-koeln.de\/wp-content\/uploads\/2019\/07\/U18WahlHBGgesamt2019-300x169.jpg 300w, https:\/\/hbg-koeln.de\/wp-content\/uploads\/2019\/07\/U18WahlHBGgesamt2019-768x432.jpg 768w\" sizes=\"auto, (max-width: 1024px) 100vw, 1024px\" \/><\/figure>\n\n\n\n<p>B\u00fcndnis 90\/Die Gr\u00fcnen (28,88 %), SPD (15,01 %), CDU\n(12,68 %), Die Linke (6,97 %), AfD (6,74 %), FDP (5,48 % ), PARTEI MENSCH\nUMWELT TIERSCHUTZ (5,01 %), Die PARTEI (4,16 %)<\/p>\n","protected":false},"excerpt":{"rendered":"<p>Kurz vor den Sommerferien noch ein kleiner R\u00fcckblick auf das Schuljahr der HBG aus politischer Sicht. Im Vorfeld der Wahlen zum Europ\u00e4ischen Parlament am 26. Mai 2019 fanden auch an der HBG wieder U18-Wahlen zum Europ\u00e4ischen<a class=\"moretag\" href=\"https:\/\/hbg-koeln.de\/?p=6566\">Read More&#8230;<\/a><\/p>\n","protected":false},"author":11,"featured_media":0,"comment_status":"closed","ping_status":"open","sticky":false,"template":"","format":"standard","meta":{"ngg_post_thumbnail":0,"footnotes":""},"categories":[1],"tags":[],"class_list":["post-6566","post","type-post","status-publish","format-standard","hentry","category-allgemein"],"_links":{"self":[{"href":"https:\/\/hbg-koeln.de\/index.php?rest_route=\/wp\/v2\/posts\/6566","targetHints":{"allow":["GET"]}}],"collection":[{"href":"https:\/\/hbg-koeln.de\/index.php?rest_route=\/wp\/v2\/posts"}],"about":[{"href":"https:\/\/hbg-koeln.de\/index.php?rest_route=\/wp\/v2\/types\/post"}],"author":[{"embeddable":true,"href":"https:\/\/hbg-koeln.de\/index.php?rest_route=\/wp\/v2\/users\/11"}],"replies":[{"embeddable":true,"href":"https:\/\/hbg-koeln.de\/index.php?rest_route=%2Fwp%2Fv2%2Fcomments&post=6566"}],"version-history":[{"count":1,"href":"https:\/\/hbg-koeln.de\/index.php?rest_route=\/wp\/v2\/posts\/6566\/revisions"}],"predecessor-version":[{"id":6568,"href":"https:\/\/hbg-koeln.de\/index.php?rest_route=\/wp\/v2\/posts\/6566\/revisions\/6568"}],"wp:attachment":[{"href":"https:\/\/hbg-koeln.de\/index.php?rest_route=%2Fwp%2Fv2%2Fmedia&parent=6566"}],"wp:term":[{"taxonomy":"category","embeddable":true,"href":"https:\/\/hbg-koeln.de\/index.php?rest_route=%2Fwp%2Fv2%2Fcategories&post=6566"},{"taxonomy":"post_tag","embeddable":true,"href":"https:\/\/hbg-koeln.de\/index.php?rest_route=%2Fwp%2Fv2%2Ftags&post=6566"}],"curies":[{"name":"wp","href":"https:\/\/api.w.org\/{rel}","templated":true}]}}