{"id":6569,"date":"2019-07-08T09:10:50","date_gmt":"2019-07-08T07:10:50","guid":{"rendered":"http:\/\/hbg-koeln.de\/?p=6569"},"modified":"2019-07-08T09:10:55","modified_gmt":"2019-07-08T07:10:55","slug":"%ef%bb%bfsprachreise-ef-nach-valencia","status":"publish","type":"post","link":"https:\/\/hbg-koeln.de\/?p=6569","title":{"rendered":"\ufeffSprachreise EF nach Valencia"},"content":{"rendered":"\n<p><strong> vom 21.05.-25.05.2019<\/strong><\/p>\n\n\n\n<div class=\"wp-block-image\"><figure class=\"alignleft is-resized\"><a href=\"https:\/\/hbg-koeln.de\/wp-content\/uploads\/2019\/07\/D39425CE-C4FF-49BE-9B85-30643218574F.jpeg\"><img loading=\"lazy\" decoding=\"async\" src=\"https:\/\/hbg-koeln.de\/wp-content\/uploads\/2019\/07\/D39425CE-C4FF-49BE-9B85-30643218574F-1024x768.jpeg\" alt=\"\" class=\"wp-image-6570\" width=\"220\" height=\"165\" srcset=\"https:\/\/hbg-koeln.de\/wp-content\/uploads\/2019\/07\/D39425CE-C4FF-49BE-9B85-30643218574F-1024x768.jpeg 1024w, https:\/\/hbg-koeln.de\/wp-content\/uploads\/2019\/07\/D39425CE-C4FF-49BE-9B85-30643218574F-300x225.jpeg 300w, https:\/\/hbg-koeln.de\/wp-content\/uploads\/2019\/07\/D39425CE-C4FF-49BE-9B85-30643218574F-768x576.jpeg 768w\" sizes=\"auto, (max-width: 220px) 100vw, 220px\" \/><\/a><\/figure><\/div>\n\n\n\n<p>Dieses Jahr fand erneut unsere Sprachreise nach Valencia in\nder EF statt. Mit den teilnehmenden Spanischsch\u00fclerinnen und -Sch\u00fclern des\nJahrgangs und unseren Lehrerinnen Frau Rodriguez Martin und Frau Bostan hatten\nwir einen eindrucksvollen Aufenthalt in der drittgr\u00f6\u00dften Stadt Spaniens. Neben\ndem t\u00e4glichen Besuch der Sprachschule <em>Taronja,\n<\/em>welche unmittelbar auf der Fu\u00dfg\u00e4ngerzone der Innenstadt gelegen ist, hatten\nwir ein breitgef\u00e4chertes Programm. Durch das untypische, regnerische Wetter,\nwelches uns empfangen und &nbsp;wieder verabschiedet\nhat, lie\u00df sich die Gruppe nicht beeinflussen und machte sich auf den Weg, die\nStadt, Sprache und Kultur zu erkunden. Nun wird interkulturelles Lernen\nerfahrbar: Die spanischen Essgewohnheiten vom Fr\u00fchst\u00fcck bis zum Abendessen, die<em> siesta<\/em>, das Temperament der <em>Valencianos<\/em>, aber auch der Einfluss der\nBilingualit\u00e4t werden hautnah erlebt. <\/p>\n\n\n\n<p>Der Besuch der Stadt der Wissenschaften und K\u00fcnste und des <em>Oceanogr\u00e1fico, <\/em>der gro\u00dfartigen\nDelphinshow, die Stadtf\u00fchrung in spanischer Sprache, der Hafen und der Strand\nMalvarrosa und die Streetart im alten Fischerdorf sind nur einige Beispiele der\nAktivit\u00e4ten, die Sch\u00fclerinnen und Sch\u00fcler mit viel Vergn\u00fcgen in Erfahrung\nbringen konnten. Die von der Sprachschule organisierte <em>fiesta de paella<\/em> am ersten Abend beispielsweise beeindruckte die\nSch\u00fclerinnen nicht nur durch den einzigartigen Geschmack des traditionellen Gerichts,\nsondern auch durch die au\u00dfergew\u00f6hnliche Atmosph\u00e4re und den freundschaftlichen\nund herzlichen Empfang der Gastgeber. Ein Valencia-Quiz mit anschlie\u00dfender\nPreisverleihung, \u00fcber die Stadt, Sprache und Kultur Valencias rundete die Reise\nab, bevor wir die wundervolle Kulturstadt leider wieder verlassen mussten.<\/p>\n\n\n\n<p>Ein besonderer Dank gilt dem F\u00f6rderverein unserer Schule,\nder uns die Stadtf\u00fchrung in spanischer Sprache und den Besuch der Stadt der\nWissenschaften und K\u00fcnste, insbesondere das <em>Oceanogr\u00e1fico,\n<\/em>finanziell erm\u00f6glichte. <em>\u00a1Muchas\ngracias!<\/em><\/p>\n","protected":false},"excerpt":{"rendered":"<p>vom 21.05.-25.05.2019 Dieses Jahr fand erneut unsere Sprachreise nach Valencia in der EF statt. Mit den teilnehmenden Spanischsch\u00fclerinnen und -Sch\u00fclern des Jahrgangs und unseren Lehrerinnen Frau Rodriguez Martin und Frau Bostan hatten wir einen eindrucksvollen Aufenthalt<a class=\"moretag\" href=\"https:\/\/hbg-koeln.de\/?p=6569\">Read More&#8230;<\/a><\/p>\n","protected":false},"author":11,"featured_media":0,"comment_status":"closed","ping_status":"open","sticky":false,"template":"","format":"standard","meta":{"ngg_post_thumbnail":0,"footnotes":""},"categories":[1],"tags":[],"class_list":["post-6569","post","type-post","status-publish","format-standard","hentry","category-allgemein"],"_links":{"self":[{"href":"https:\/\/hbg-koeln.de\/index.php?rest_route=\/wp\/v2\/posts\/6569","targetHints":{"allow":["GET"]}}],"collection":[{"href":"https:\/\/hbg-koeln.de\/index.php?rest_route=\/wp\/v2\/posts"}],"about":[{"href":"https:\/\/hbg-koeln.de\/index.php?rest_route=\/wp\/v2\/types\/post"}],"author":[{"embeddable":true,"href":"https:\/\/hbg-koeln.de\/index.php?rest_route=\/wp\/v2\/users\/11"}],"replies":[{"embeddable":true,"href":"https:\/\/hbg-koeln.de\/index.php?rest_route=%2Fwp%2Fv2%2Fcomments&post=6569"}],"version-history":[{"count":1,"href":"https:\/\/hbg-koeln.de\/index.php?rest_route=\/wp\/v2\/posts\/6569\/revisions"}],"predecessor-version":[{"id":6571,"href":"https:\/\/hbg-koeln.de\/index.php?rest_route=\/wp\/v2\/posts\/6569\/revisions\/6571"}],"wp:attachment":[{"href":"https:\/\/hbg-koeln.de\/index.php?rest_route=%2Fwp%2Fv2%2Fmedia&parent=6569"}],"wp:term":[{"taxonomy":"category","embeddable":true,"href":"https:\/\/hbg-koeln.de\/index.php?rest_route=%2Fwp%2Fv2%2Fcategories&post=6569"},{"taxonomy":"post_tag","embeddable":true,"href":"https:\/\/hbg-koeln.de\/index.php?rest_route=%2Fwp%2Fv2%2Ftags&post=6569"}],"curies":[{"name":"wp","href":"https:\/\/api.w.org\/{rel}","templated":true}]}}