{"id":6590,"date":"2019-08-14T19:20:36","date_gmt":"2019-08-14T17:20:36","guid":{"rendered":"http:\/\/hbg-koeln.de\/?p=6590"},"modified":"2019-08-15T09:59:29","modified_gmt":"2019-08-15T07:59:29","slug":"sii-infos-zum-schuljahresbeginn","status":"publish","type":"post","link":"https:\/\/hbg-koeln.de\/?p=6590","title":{"rendered":"SII &#8211; Infos zum Schuljahresbeginn"},"content":{"rendered":"\n<p>Liebe Sch\u00fclerinnen und Sch\u00fcler der Oberstufe!<\/p>\n\n\n\n<p>Die Ferien neigen sich dem Ende zu und hier sind ein paar Informationen zum ersten Schultag und den Nachpr\u00fcfungen im 11. Jahrgang.<\/p>\n\n\n\n<p>Alle Sch\u00fclerinnen und Sch\u00fcler des 11. Jahrgangs, die eine <strong>Nachpr\u00fcfung<\/strong> absolvieren m\u00fcssen, schreiben die zugeh\u00f6rige <strong>Klausur am Montag<\/strong> (<strong>26.08.2019<\/strong>) ab <strong>9 Uhr<\/strong>. Wir treffen uns 8.45 Uhr am Beratungsb\u00fcro.  <br><strong><em>F\u00fcr die Nachpr\u00fcfung in Mathematik ist der geladene und entsperrte GTR mitzubringen.<\/em><\/strong> Die <strong>m\u00fcndlichen Pr\u00fcfungen<\/strong> finden dann am <strong>Dienstag (27.08.2019)<\/strong> ab <strong>14 Uhr<\/strong> statt. Hier treffen wir uns um 13.45 Uhr vor dem Beratungsb\u00fcro.<\/p>\n\n\n\n<p>Alle Wiederholerinnen und  Wiederholer eines Oberstufenjahrgangs melden sich am ersten Schultag (<strong>Mittwoch \/ 28.08.2019<\/strong>) um 8 Uhr bei ihrem jeweiligen Jahrgang. Der 11. Jahrgang trifft sich im PZ. Die Jahrg\u00e4nge 12 und 13 treffen sich im NW Bereich (H\u00f6rsaal).<\/p>\n\n\n\n<p>Alle neuen Sch\u00fclerinnen und Sch\u00fcler gehen ebenfalls am Mittwoch zu ihren Jahrg\u00e4ngen. Die notwendigen organisatorischen Angelegenheiten kl\u00e4ren wir in Ruhe an den ersten Schultagen.<\/p>\n\n\n\n<p>Ich w\u00fcnsche allen Sch\u00fclerinnen und Sch\u00fclern der Oberstufe einen gelungenen Start ins Schuljahr 2019 \/ 2020.<\/p>\n\n\n\n<p>T. Schulz<br>Abteilungsleiter SII<br>14.08.2019<\/p>\n","protected":false},"excerpt":{"rendered":"<p>Liebe Sch\u00fclerinnen und Sch\u00fcler der Oberstufe! Die Ferien neigen sich dem Ende zu und hier sind ein paar Informationen zum ersten Schultag und den Nachpr\u00fcfungen im 11. Jahrgang. Alle Sch\u00fclerinnen und Sch\u00fcler des 11. Jahrgangs, die<a class=\"moretag\" href=\"https:\/\/hbg-koeln.de\/?p=6590\">Read More&#8230;<\/a><\/p>\n","protected":false},"author":1,"featured_media":0,"comment_status":"closed","ping_status":"open","sticky":false,"template":"","format":"standard","meta":{"ngg_post_thumbnail":0,"footnotes":""},"categories":[1],"tags":[],"class_list":["post-6590","post","type-post","status-publish","format-standard","hentry","category-allgemein"],"_links":{"self":[{"href":"https:\/\/hbg-koeln.de\/index.php?rest_route=\/wp\/v2\/posts\/6590","targetHints":{"allow":["GET"]}}],"collection":[{"href":"https:\/\/hbg-koeln.de\/index.php?rest_route=\/wp\/v2\/posts"}],"about":[{"href":"https:\/\/hbg-koeln.de\/index.php?rest_route=\/wp\/v2\/types\/post"}],"author":[{"embeddable":true,"href":"https:\/\/hbg-koeln.de\/index.php?rest_route=\/wp\/v2\/users\/1"}],"replies":[{"embeddable":true,"href":"https:\/\/hbg-koeln.de\/index.php?rest_route=%2Fwp%2Fv2%2Fcomments&post=6590"}],"version-history":[{"count":3,"href":"https:\/\/hbg-koeln.de\/index.php?rest_route=\/wp\/v2\/posts\/6590\/revisions"}],"predecessor-version":[{"id":6593,"href":"https:\/\/hbg-koeln.de\/index.php?rest_route=\/wp\/v2\/posts\/6590\/revisions\/6593"}],"wp:attachment":[{"href":"https:\/\/hbg-koeln.de\/index.php?rest_route=%2Fwp%2Fv2%2Fmedia&parent=6590"}],"wp:term":[{"taxonomy":"category","embeddable":true,"href":"https:\/\/hbg-koeln.de\/index.php?rest_route=%2Fwp%2Fv2%2Fcategories&post=6590"},{"taxonomy":"post_tag","embeddable":true,"href":"https:\/\/hbg-koeln.de\/index.php?rest_route=%2Fwp%2Fv2%2Ftags&post=6590"}],"curies":[{"name":"wp","href":"https:\/\/api.w.org\/{rel}","templated":true}]}}