{"id":6666,"date":"2019-09-03T13:48:19","date_gmt":"2019-09-03T11:48:19","guid":{"rendered":"http:\/\/hbg-koeln.de\/?p=6666"},"modified":"2019-09-03T13:56:17","modified_gmt":"2019-09-03T11:56:17","slug":"einschulungsfeier-2019-219-schuelerinnen-und-schueler-starten-ins-5-schuljahr-an-der-heinrich-boell-gesamtschule","status":"publish","type":"post","link":"https:\/\/hbg-koeln.de\/?p=6666","title":{"rendered":"Einschulungsfeier 2019 \u2013 219 Sch\u00fclerinnen und Sch\u00fcler starten ins 5. Schuljahr an der Heinrich-B\u00f6ll-Gesamtschule!"},"content":{"rendered":"\n<p><img loading=\"lazy\" decoding=\"async\" class=\"aligncenter size-large wp-image-6668\" src=\"http:\/\/hbg-koeln.de\/wp-content\/uploads\/2019\/09\/Sonnenblumen-1024x352.jpg\" alt=\"\" width=\"604\" height=\"208\" srcset=\"https:\/\/hbg-koeln.de\/wp-content\/uploads\/2019\/09\/Sonnenblumen-1024x352.jpg 1024w, https:\/\/hbg-koeln.de\/wp-content\/uploads\/2019\/09\/Sonnenblumen-300x103.jpg 300w, https:\/\/hbg-koeln.de\/wp-content\/uploads\/2019\/09\/Sonnenblumen-768x264.jpg 768w, https:\/\/hbg-koeln.de\/wp-content\/uploads\/2019\/09\/Sonnenblumen.jpg 1181w\" sizes=\"auto, (max-width: 604px) 100vw, 604px\" \/><\/p>\n<p>Endlich war es soweit: &nbsp;am 28.08.2019 wurden unsere neuen F\u00fcnftkl\u00e4ssler mit ihren Eltern und Verwandten um 13 Uhr im PZ begr\u00fc\u00dft!<\/p>\n<p>Nach einem gelungenen musikalischen Auftakt durch die HBG-Big Band moderierte die Abteilungsleiterin 5\/6 Frau Abel die kurzweilige Einschulungsfeier. Einen ganz besonderen Moment stellte der HBG-Song dar, der von der Klasse 6.1 mit ihren Klassenlehrer(inne)n Frau Ro\u00dfberger, Frau Mandok und Herrn Hilker textsicher pr\u00e4sentiert wurde.<\/p>\n<p>Begleitet wird der&nbsp; 5. Jahrgang zuk\u00fcnftig von unseren Schulscouts des 9. Jahrgangs, betreut von Herrn Hoffmann. Sie nutzten die Gelegenheit im PZ dazu, sich dem aufmerksamen Publikum vorzustellen.<\/p>\n<p>Dass man in unserer Schule nicht nur \u201ef\u00fcr\u2018s K\u00f6pfchen\u201c lernt, zeigte uns die Sch\u00fclerin Maya (7.1), die sich ihr akrobatisches K\u00f6nnen in unserer Zirkusstation angeeignet hat und dieses mit Bravour bei einer Artistiknummer demonstrierte. Einer der H\u00f6hepunkte der Feier war der Auftritt unseres jonglierenden Schulleiters \u2013 Herr Grisard. Mit viel Herz und Humor stellte er unser Schulleben anschaulich und kurzweilig dar.<\/p>\n<p>Dann wurde es spannend: die Klassenlehrerinnen und Klassenlehrer betraten die B\u00fchne und nahmen ihre neuen Klassen mit zur ersten \u201eUnterrichtsstunde\u201c in den Klassenraum. Die Eltern hatten in der Zwischenzeit Gelegenheit, sich in der B\u00f6ll-Oase zu erfrischen.<\/p>\n<p>Die Einschulung endete dann gegen 15 Uhr bei strahlendem Sonnenschein auf unserem Schulhof. Eine besondere \u00dcberraschung war dieses Jahr, dass den neuen F\u00fcnftkl\u00e4sslern Sonnenblumen durch ihre Klassenlehrerinnen und &nbsp;\u2013lehrer \u00fcberreicht wurden.<\/p>\n<p>So leuchteten 219 Sonnenblumen mit unseren neuen Sch\u00fclerinnen und Sch\u00fclern beim Jahrgangsfoto um die Wette!<\/p>\n<p>Nun ist der Start gelungen und wir freuen uns auf das neue Schuljahr.<\/p>\n<p>(Janine Abel \u2013 Abteilungsleiterin Jg. 5\/6)<\/p>\n","protected":false},"excerpt":{"rendered":"<p>Endlich war es soweit: &nbsp;am 28.08.2019 wurden unsere neuen F\u00fcnftkl\u00e4ssler mit ihren Eltern und Verwandten um 13 Uhr im PZ begr\u00fc\u00dft! Nach einem gelungenen musikalischen Auftakt durch die HBG-Big Band moderierte die Abteilungsleiterin 5\/6 Frau Abel<a class=\"moretag\" href=\"https:\/\/hbg-koeln.de\/?p=6666\">Read More&#8230;<\/a><\/p>\n","protected":false},"author":11,"featured_media":0,"comment_status":"closed","ping_status":"open","sticky":false,"template":"","format":"standard","meta":{"ngg_post_thumbnail":0,"footnotes":""},"categories":[1],"tags":[],"class_list":["post-6666","post","type-post","status-publish","format-standard","hentry","category-allgemein"],"_links":{"self":[{"href":"https:\/\/hbg-koeln.de\/index.php?rest_route=\/wp\/v2\/posts\/6666","targetHints":{"allow":["GET"]}}],"collection":[{"href":"https:\/\/hbg-koeln.de\/index.php?rest_route=\/wp\/v2\/posts"}],"about":[{"href":"https:\/\/hbg-koeln.de\/index.php?rest_route=\/wp\/v2\/types\/post"}],"author":[{"embeddable":true,"href":"https:\/\/hbg-koeln.de\/index.php?rest_route=\/wp\/v2\/users\/11"}],"replies":[{"embeddable":true,"href":"https:\/\/hbg-koeln.de\/index.php?rest_route=%2Fwp%2Fv2%2Fcomments&post=6666"}],"version-history":[{"count":2,"href":"https:\/\/hbg-koeln.de\/index.php?rest_route=\/wp\/v2\/posts\/6666\/revisions"}],"predecessor-version":[{"id":6669,"href":"https:\/\/hbg-koeln.de\/index.php?rest_route=\/wp\/v2\/posts\/6666\/revisions\/6669"}],"wp:attachment":[{"href":"https:\/\/hbg-koeln.de\/index.php?rest_route=%2Fwp%2Fv2%2Fmedia&parent=6666"}],"wp:term":[{"taxonomy":"category","embeddable":true,"href":"https:\/\/hbg-koeln.de\/index.php?rest_route=%2Fwp%2Fv2%2Fcategories&post=6666"},{"taxonomy":"post_tag","embeddable":true,"href":"https:\/\/hbg-koeln.de\/index.php?rest_route=%2Fwp%2Fv2%2Ftags&post=6666"}],"curies":[{"name":"wp","href":"https:\/\/api.w.org\/{rel}","templated":true}]}}