{"id":6896,"date":"2020-02-07T12:00:00","date_gmt":"2020-02-07T10:00:00","guid":{"rendered":"http:\/\/hbg-koeln.de\/?p=6896"},"modified":"2020-02-04T10:57:29","modified_gmt":"2020-02-04T08:57:29","slug":"schulfinale-jugend-debattiert","status":"publish","type":"post","link":"https:\/\/hbg-koeln.de\/?p=6896","title":{"rendered":"Schulfinale Jugend debattiert"},"content":{"rendered":"\n<figure class=\"wp-block-image\"><img loading=\"lazy\" decoding=\"async\" width=\"1024\" height=\"476\" src=\"https:\/\/hbg-koeln.de\/wp-content\/uploads\/2020\/02\/03-Debatte-SekII-1024x476.jpg\" alt=\"\" class=\"wp-image-6897\" srcset=\"https:\/\/hbg-koeln.de\/wp-content\/uploads\/2020\/02\/03-Debatte-SekII-1024x476.jpg 1024w, https:\/\/hbg-koeln.de\/wp-content\/uploads\/2020\/02\/03-Debatte-SekII-300x139.jpg 300w, https:\/\/hbg-koeln.de\/wp-content\/uploads\/2020\/02\/03-Debatte-SekII-768x357.jpg 768w, https:\/\/hbg-koeln.de\/wp-content\/uploads\/2020\/02\/03-Debatte-SekII.jpg 1181w\" sizes=\"auto, (max-width: 1024px) 100vw, 1024px\" \/><\/figure>\n\n\n\n<p>Seit dem Schuljahr 2015\/16 geh\u00f6rt die Heinrich-B\u00f6ll-Gesamtschule zu den rund 1.300 Schulen in Deutschland, die an dem mehrfach ausgezeichneten bundesweiten Sch\u00fclerwettbewerb <em>Jugend debattiert<\/em> teilnehmen. Am Dienstag, den 28. Januar 2020 fand zum f\u00fcnften Mal an der HBG das Schulfinale im Rahmen dieses Wettbewerbs statt.<br>&nbsp;Auf der B\u00fchne im Freizeitzentrum debattierten acht Sch\u00fclerinnen und Sch\u00fcler, die sich zuvor durch besondere Debattierleistungen ausgezeichnet hatten, \u00fcber die Fragen \u201eSoll die Teilnahme an den Bundesjugendspielen f\u00fcr die Sch\u00fclerinnen und Sch\u00fcler der HBG freiwillig sein?\u201c (Sek. I) und \u201eSoll ein Pfandsystem f\u00fcr Zigaretten und die dazugeh\u00f6rigen Schachteln eingef\u00fchrt werden?\u201c (Sek. II).<br><img loading=\"lazy\" decoding=\"async\" class=\"aligncenter size-large wp-image-6898\" src=\"http:\/\/hbg-koeln.de\/wp-content\/uploads\/2020\/02\/02-Teilnehmer-1024x603.jpg\" alt=\"\" width=\"604\" height=\"356\" srcset=\"https:\/\/hbg-koeln.de\/wp-content\/uploads\/2020\/02\/02-Teilnehmer-1024x603.jpg 1024w, https:\/\/hbg-koeln.de\/wp-content\/uploads\/2020\/02\/02-Teilnehmer-300x177.jpg 300w, https:\/\/hbg-koeln.de\/wp-content\/uploads\/2020\/02\/02-Teilnehmer-768x453.jpg 768w, https:\/\/hbg-koeln.de\/wp-content\/uploads\/2020\/02\/02-Teilnehmer.jpg 1181w\" sizes=\"auto, (max-width: 604px) 100vw, 604px\" \/><br>Auch in diesem Jahr interessierten sich viele Sch\u00fclerinnen und Sch\u00fcler f\u00fcr die Debatten, so dass das Freizeitzentrum erneut gut gef\u00fcllt war. Dies ist umso erfreulicher, da es ein vorrangiges Ziel der Projektteilnahme ist, m\u00f6glichst viele Sch\u00fclerinnen und Sch\u00fcler an der HBG f\u00fcr das Debattieren zu begeistern und auf diese Weise an unserer Schule eine positive Diskussionskultur zu f\u00f6rdern.<br>Die aus Sch\u00fclerinnen und Sch\u00fclern, Lehrerinnen und Lehrern, unserem Schulleiter, Herrn Rolf Grisard, sowie dem Bezirksb\u00fcrgermeister von Chorweiler, Herrn Reinhard Z\u00f6llner, bestehende Jury hatte eine schwierige Wahl zu treffen. Beim Regionalwettbewerb, der am 04. M\u00e4rz 2020 hier an der Heinrich-B\u00f6ll-Gesamtschule stattfindet, werden nun Linda Shevalye und Giulia Cipriano (Sek. I) sowie Melissa Arik und Sabine Kranz (Sek. II) unsere Schule vertreten. <strong>Herzlichen Gl\u00fcckwunsch, wir dr\u00fccken Euch die Daumen!<br><\/strong>Gro\u00dfer Respekt geb\u00fchrt jedoch s\u00e4mtlichen acht Schulfinalisten, die vor einem beachtlichen Publikum zwei interessante und faire Debatten gezeigt haben. Zudem bedanken wir uns bei allen Juroren herzlich f\u00fcr ihr Engagement.<br><em>Nils Becker<\/em><\/p>\n","protected":false},"excerpt":{"rendered":"<p>Seit dem Schuljahr 2015\/16 geh\u00f6rt die Heinrich-B\u00f6ll-Gesamtschule zu den rund 1.300 Schulen in Deutschland, die an dem mehrfach ausgezeichneten bundesweiten Sch\u00fclerwettbewerb Jugend debattiert teilnehmen. Am Dienstag, den 28. Januar 2020 fand zum f\u00fcnften Mal an der<a class=\"moretag\" href=\"https:\/\/hbg-koeln.de\/?p=6896\">Read More&#8230;<\/a><\/p>\n","protected":false},"author":11,"featured_media":0,"comment_status":"closed","ping_status":"open","sticky":false,"template":"","format":"standard","meta":{"ngg_post_thumbnail":0,"footnotes":""},"categories":[1],"tags":[],"class_list":["post-6896","post","type-post","status-publish","format-standard","hentry","category-allgemein"],"_links":{"self":[{"href":"https:\/\/hbg-koeln.de\/index.php?rest_route=\/wp\/v2\/posts\/6896","targetHints":{"allow":["GET"]}}],"collection":[{"href":"https:\/\/hbg-koeln.de\/index.php?rest_route=\/wp\/v2\/posts"}],"about":[{"href":"https:\/\/hbg-koeln.de\/index.php?rest_route=\/wp\/v2\/types\/post"}],"author":[{"embeddable":true,"href":"https:\/\/hbg-koeln.de\/index.php?rest_route=\/wp\/v2\/users\/11"}],"replies":[{"embeddable":true,"href":"https:\/\/hbg-koeln.de\/index.php?rest_route=%2Fwp%2Fv2%2Fcomments&post=6896"}],"version-history":[{"count":1,"href":"https:\/\/hbg-koeln.de\/index.php?rest_route=\/wp\/v2\/posts\/6896\/revisions"}],"predecessor-version":[{"id":6899,"href":"https:\/\/hbg-koeln.de\/index.php?rest_route=\/wp\/v2\/posts\/6896\/revisions\/6899"}],"wp:attachment":[{"href":"https:\/\/hbg-koeln.de\/index.php?rest_route=%2Fwp%2Fv2%2Fmedia&parent=6896"}],"wp:term":[{"taxonomy":"category","embeddable":true,"href":"https:\/\/hbg-koeln.de\/index.php?rest_route=%2Fwp%2Fv2%2Fcategories&post=6896"},{"taxonomy":"post_tag","embeddable":true,"href":"https:\/\/hbg-koeln.de\/index.php?rest_route=%2Fwp%2Fv2%2Ftags&post=6896"}],"curies":[{"name":"wp","href":"https:\/\/api.w.org\/{rel}","templated":true}]}}