{"id":6955,"date":"2020-03-18T16:47:42","date_gmt":"2020-03-18T14:47:42","guid":{"rendered":"http:\/\/hbg-koeln.de\/?p=6955"},"modified":"2020-03-19T12:39:18","modified_gmt":"2020-03-19T10:39:18","slug":"ruhen-des-unterrichts-ab-montag-den-16-03-2020","status":"publish","type":"post","link":"https:\/\/hbg-koeln.de\/?p=6955","title":{"rendered":"<b>Ruhen des Unterrichts ab Montag, den 16.03.2020<\/b>"},"content":{"rendered":"\n<p><em>letzte Aktualisierung: Mi, 18.03. um 11:30 Uhr (telef. Erreichbarkeit der Schule)<br><\/em><\/p>\n<p>Liebe Sch\u00fclerinnen und Sch\u00fcler, liebe Eltern, liebe Kolleginnen und Kollegen, <br><span style=\"color: #ff0000;\"><strong>ab Montag, dem 16.03.2020 bis zu den Osterferien ruht in ganz NRW der Unterricht. Wir werden in der kommenden Zeit alle neuen Informationen hier ver\u00f6ffentlichen!<\/strong> <\/span><\/p>\n<p><span style=\"color: #000080;\"><strong>\u00c4nderungsmitteilungen erfolgen k\u00fcnftig auch \u00fcber Twitter: hbg-koeln<br>Folgen Sie uns!<\/strong><\/span><\/p>\n<p><strong><span style=\"color: #000000;\">Telefonisch ist die Schule t\u00e4glich von 8.00 &#8211; 12.00 Uhr erreichbar (0221-261070).<\/span><\/strong><span style=\"color: #ff0000;\"><span style=\"color: #000000;\"> Briefe k\u00f6nnen am Briefkasten, der neben der T\u00fcr des Sekretariats h\u00e4ngt, zwischen 8.00 und 12.00 Uhr eingeworfen werden.<\/span><\/span><\/p>\n<p><span style=\"color: #ff0000;\"><strong>Bitte denken Sie daran, das bestellte Mensaessen zu stornieren! Infos zur SEK II finden sich im n\u00e4chsten Beitrag.<\/strong><br><\/span><\/p>\n<p><strong>Aufgrund des Corona-Virus m\u00fcssen der Girls\u2019Day und der Boys\u2019Day am 26.03.2020 leider bundesweit abgesagt werden.<\/strong> &nbsp;<\/p>\n<p><strong>Der sportmotorische Test f\u00fcr Kinder, die sich f\u00fcr die Sportprofilklasse interessieren, findet am Samstag, den 25.04.2020 statt.<\/strong><\/p>\n<p><span style=\"text-decoration: underline;\"><strong>ZENTRALABITUR<br><\/strong><\/span>Die vorzeitige Einstellung des Unterrichts ab dem 16. M\u00e4rz bis zum Ende der Osterferien hat grunds\u00e4tzlich keine Auswirkungen auf die Terminsetzungen und Durchf\u00fchrung bei den bevorstehenden Abiturpr\u00fcfungen.<\/p>\n<p><span style=\"text-decoration: underline;\"><strong>ZENTRALE PR\u00dcFUNGEN 10 und ZENTRALE KLAUSUREN IN DER EF<br><\/strong><\/span>Weitere Informationen u.a. zu Zentralen Pr\u00fcfungen in Klasse 10 (ZP 10), zentralen Klausuren in der Einf\u00fchrungsphase (ZKE), Pr\u00fcfungen an Berufskollegs sowie zum Umgang mit Klassenarbeiten etc. werden in den kommenden Tagen gesondert \u00fcbermittelt und auf der Homepage des Ministeriums f\u00fcr Schule und Bildung (www.schulministerium.nrw.de) ver\u00f6ffentlicht und stetig aktualisiert.<\/p>\n<p><span style=\"text-decoration: underline;\"><strong>BETRIEBSPRAKTIKUM<br><\/strong><\/span>Sch\u00fclerinnen und Sch\u00fcler im Betriebspraktikum setzen sich bitte mit ihrem Praktikumsbetrieb in Verbindung und kl\u00e4ren, ob das Praktikum fortgesetzt werden kann.<\/p>\n<p>Lasst uns in dieser besonderen Situation einen k\u00fchlen Kopf bewahren und die n\u00e4chsten Wochen gemeinsam meistern.<\/p>\n<p>Ihre und eure Schulleitung<br><br><\/p>\n<p>aktuelle Informationen: <a href=\"https:\/\/www.schulministerium.nrw.de\/docs\/Recht\/Schulgesundheitsrecht\/Infektionsschutz\/300-Coronavirus\/index.html\" target=\"_blank\" rel=\"noopener noreferrer\">Schulministerium<\/a><\/p>\n","protected":false},"excerpt":{"rendered":"<p>letzte Aktualisierung: Mi, 18.03. um 11:30 Uhr (telef. Erreichbarkeit der Schule) Liebe Sch\u00fclerinnen und Sch\u00fcler, liebe Eltern, liebe Kolleginnen und Kollegen, ab Montag, dem 16.03.2020 bis zu den Osterferien ruht in ganz NRW der Unterricht. Wir<a class=\"moretag\" href=\"https:\/\/hbg-koeln.de\/?p=6955\">Read More&#8230;<\/a><\/p>\n","protected":false},"author":11,"featured_media":0,"comment_status":"closed","ping_status":"open","sticky":false,"template":"","format":"standard","meta":{"ngg_post_thumbnail":0,"footnotes":""},"categories":[1],"tags":[],"class_list":["post-6955","post","type-post","status-publish","format-standard","hentry","category-allgemein"],"_links":{"self":[{"href":"https:\/\/hbg-koeln.de\/index.php?rest_route=\/wp\/v2\/posts\/6955","targetHints":{"allow":["GET"]}}],"collection":[{"href":"https:\/\/hbg-koeln.de\/index.php?rest_route=\/wp\/v2\/posts"}],"about":[{"href":"https:\/\/hbg-koeln.de\/index.php?rest_route=\/wp\/v2\/types\/post"}],"author":[{"embeddable":true,"href":"https:\/\/hbg-koeln.de\/index.php?rest_route=\/wp\/v2\/users\/11"}],"replies":[{"embeddable":true,"href":"https:\/\/hbg-koeln.de\/index.php?rest_route=%2Fwp%2Fv2%2Fcomments&post=6955"}],"version-history":[{"count":19,"href":"https:\/\/hbg-koeln.de\/index.php?rest_route=\/wp\/v2\/posts\/6955\/revisions"}],"predecessor-version":[{"id":7013,"href":"https:\/\/hbg-koeln.de\/index.php?rest_route=\/wp\/v2\/posts\/6955\/revisions\/7013"}],"wp:attachment":[{"href":"https:\/\/hbg-koeln.de\/index.php?rest_route=%2Fwp%2Fv2%2Fmedia&parent=6955"}],"wp:term":[{"taxonomy":"category","embeddable":true,"href":"https:\/\/hbg-koeln.de\/index.php?rest_route=%2Fwp%2Fv2%2Fcategories&post=6955"},{"taxonomy":"post_tag","embeddable":true,"href":"https:\/\/hbg-koeln.de\/index.php?rest_route=%2Fwp%2Fv2%2Ftags&post=6955"}],"curies":[{"name":"wp","href":"https:\/\/api.w.org\/{rel}","templated":true}]}}