{"id":6962,"date":"2020-03-14T10:32:06","date_gmt":"2020-03-14T08:32:06","guid":{"rendered":"http:\/\/hbg-koeln.de\/?p=6962"},"modified":"2020-03-14T11:35:57","modified_gmt":"2020-03-14T09:35:57","slug":"veranstaltungen-neue-ef-fallen-aus","status":"publish","type":"post","link":"https:\/\/hbg-koeln.de\/?p=6962","title":{"rendered":"Veranstaltungen neue EF fallen aus"},"content":{"rendered":"\n<p>Liebe Sch\u00fclerinnen und Sch\u00fcler und Eltern der kommenden Einf\u00fchrungsphase,<br>die f\u00fcr Montag geplante Informationsveranstaltung und Beratung zur F\u00e4cherwahl in der 11. Klasse muss entfallen. Das gilt f\u00fcr alle Sch\u00fclerinnen und Sch\u00fcler unserer 10. Klasse und f\u00fcr die Sch\u00fclerinnen und Sch\u00fcler von anderen Schulen, die wir aufgenommen haben.<br>Das gilt auch f\u00fcr den, f\u00fcr Donnerstag, den 19.03.2020, angek\u00fcndigten Elternabend.<br>Geben Sie mir bitte etwas Zeit, um neue Termine und Verfahren zu finden. Wir gehen zur Zeit davon aus, dass wir die entsprechenden Veranstaltungen nach den Osterferien nachholen k\u00f6nnen, oder ein anderes Verfahren w\u00e4hlen m\u00fcssen.<br>Thomas Schulz<br>Abteilungsleiter SII<\/p>\n","protected":false},"excerpt":{"rendered":"<p>Liebe Sch\u00fclerinnen und Sch\u00fcler und Eltern der kommenden Einf\u00fchrungsphase,die f\u00fcr Montag geplante Informationsveranstaltung und Beratung zur F\u00e4cherwahl in der 11. Klasse muss entfallen. Das gilt f\u00fcr alle Sch\u00fclerinnen und Sch\u00fcler unserer 10. Klasse und f\u00fcr die<a class=\"moretag\" href=\"https:\/\/hbg-koeln.de\/?p=6962\">Read More&#8230;<\/a><\/p>\n","protected":false},"author":9,"featured_media":0,"comment_status":"closed","ping_status":"open","sticky":false,"template":"","format":"standard","meta":{"ngg_post_thumbnail":0,"footnotes":""},"categories":[1],"tags":[],"class_list":["post-6962","post","type-post","status-publish","format-standard","hentry","category-allgemein"],"_links":{"self":[{"href":"https:\/\/hbg-koeln.de\/index.php?rest_route=\/wp\/v2\/posts\/6962","targetHints":{"allow":["GET"]}}],"collection":[{"href":"https:\/\/hbg-koeln.de\/index.php?rest_route=\/wp\/v2\/posts"}],"about":[{"href":"https:\/\/hbg-koeln.de\/index.php?rest_route=\/wp\/v2\/types\/post"}],"author":[{"embeddable":true,"href":"https:\/\/hbg-koeln.de\/index.php?rest_route=\/wp\/v2\/users\/9"}],"replies":[{"embeddable":true,"href":"https:\/\/hbg-koeln.de\/index.php?rest_route=%2Fwp%2Fv2%2Fcomments&post=6962"}],"version-history":[{"count":1,"href":"https:\/\/hbg-koeln.de\/index.php?rest_route=\/wp\/v2\/posts\/6962\/revisions"}],"predecessor-version":[{"id":6963,"href":"https:\/\/hbg-koeln.de\/index.php?rest_route=\/wp\/v2\/posts\/6962\/revisions\/6963"}],"wp:attachment":[{"href":"https:\/\/hbg-koeln.de\/index.php?rest_route=%2Fwp%2Fv2%2Fmedia&parent=6962"}],"wp:term":[{"taxonomy":"category","embeddable":true,"href":"https:\/\/hbg-koeln.de\/index.php?rest_route=%2Fwp%2Fv2%2Fcategories&post=6962"},{"taxonomy":"post_tag","embeddable":true,"href":"https:\/\/hbg-koeln.de\/index.php?rest_route=%2Fwp%2Fv2%2Ftags&post=6962"}],"curies":[{"name":"wp","href":"https:\/\/api.w.org\/{rel}","templated":true}]}}