{"id":7032,"date":"2020-03-25T18:00:08","date_gmt":"2020-03-25T16:00:08","guid":{"rendered":"http:\/\/hbg-koeln.de\/?p=7032"},"modified":"2020-03-25T18:04:15","modified_gmt":"2020-03-25T16:04:15","slug":"absage-aller-schulfahrten-in-diesem-schuljahr","status":"publish","type":"post","link":"https:\/\/hbg-koeln.de\/?p=7032","title":{"rendered":"<b>Absage aller Schulfahrten in diesem Schuljahr<\/b>"},"content":{"rendered":"\n<p><em>25.03.2020<br><\/em>Mit Rundverf\u00fcgung hat die Bezirksregierung entschieden, dass in diesem Schuljahr keine ein- und mehrt\u00e4gigen Schulfahrten und Schulveranstaltungen an au\u00dferschulischen Lernorten mehr stattfinden d\u00fcrfen. Das gilt auch f\u00fcr Sportveranstaltungen oder Museumsbesuche. Alle gebuchten Fahrten und Ausfl\u00fcge m\u00fcssen storniert werden. Wir bitten um Verst\u00e4ndnis f\u00fcr diese Ma\u00dfnahme.<\/p>\n","protected":false},"excerpt":{"rendered":"<p>25.03.2020Mit Rundverf\u00fcgung hat die Bezirksregierung entschieden, dass in diesem Schuljahr keine ein- und mehrt\u00e4gigen Schulfahrten und Schulveranstaltungen an au\u00dferschulischen Lernorten mehr stattfinden d\u00fcrfen. Das gilt auch f\u00fcr Sportveranstaltungen oder Museumsbesuche. Alle gebuchten Fahrten und Ausfl\u00fcge m\u00fcssen<a class=\"moretag\" href=\"https:\/\/hbg-koeln.de\/?p=7032\">Read More&#8230;<\/a><\/p>\n","protected":false},"author":9,"featured_media":0,"comment_status":"closed","ping_status":"open","sticky":false,"template":"","format":"standard","meta":{"ngg_post_thumbnail":0,"footnotes":""},"categories":[1],"tags":[],"class_list":["post-7032","post","type-post","status-publish","format-standard","hentry","category-allgemein"],"_links":{"self":[{"href":"https:\/\/hbg-koeln.de\/index.php?rest_route=\/wp\/v2\/posts\/7032","targetHints":{"allow":["GET"]}}],"collection":[{"href":"https:\/\/hbg-koeln.de\/index.php?rest_route=\/wp\/v2\/posts"}],"about":[{"href":"https:\/\/hbg-koeln.de\/index.php?rest_route=\/wp\/v2\/types\/post"}],"author":[{"embeddable":true,"href":"https:\/\/hbg-koeln.de\/index.php?rest_route=\/wp\/v2\/users\/9"}],"replies":[{"embeddable":true,"href":"https:\/\/hbg-koeln.de\/index.php?rest_route=%2Fwp%2Fv2%2Fcomments&post=7032"}],"version-history":[{"count":2,"href":"https:\/\/hbg-koeln.de\/index.php?rest_route=\/wp\/v2\/posts\/7032\/revisions"}],"predecessor-version":[{"id":7034,"href":"https:\/\/hbg-koeln.de\/index.php?rest_route=\/wp\/v2\/posts\/7032\/revisions\/7034"}],"wp:attachment":[{"href":"https:\/\/hbg-koeln.de\/index.php?rest_route=%2Fwp%2Fv2%2Fmedia&parent=7032"}],"wp:term":[{"taxonomy":"category","embeddable":true,"href":"https:\/\/hbg-koeln.de\/index.php?rest_route=%2Fwp%2Fv2%2Fcategories&post=7032"},{"taxonomy":"post_tag","embeddable":true,"href":"https:\/\/hbg-koeln.de\/index.php?rest_route=%2Fwp%2Fv2%2Ftags&post=7032"}],"curies":[{"name":"wp","href":"https:\/\/api.w.org\/{rel}","templated":true}]}}