{"id":7055,"date":"2020-04-01T19:44:21","date_gmt":"2020-04-01T17:44:21","guid":{"rendered":"http:\/\/hbg-koeln.de\/?p=7055"},"modified":"2020-04-01T22:52:11","modified_gmt":"2020-04-01T20:52:11","slug":"einige-infos-zum-abitur","status":"publish","type":"post","link":"https:\/\/hbg-koeln.de\/?p=7055","title":{"rendered":"<b>Neue Infos zum Abitur<\/b>"},"content":{"rendered":"\n<p>Liebe Sch\u00fclerinnen und Sch\u00fcler des 13. Jahrgangs. Das Abitur ist nun verschoben und es bleiben etliche Fragen offen.<\/p>\n<p><strong>Aber es gibt derzeit konkrete Zeitpl\u00e4ne.<\/strong><br>Die Zulassungskonferenz zum Abitur (ZAA) wurde auf den 7. Mai 2020 verlegt. Der Unterricht der Q2 endet damit offiziell erst am 8. Mai. Weitere Informationen erwarten wir in den Osterferien. Bis zum 7. Mai sind daher auch keine Aussagen zur Zulassung m\u00f6glich, da wir nicht genau wissen, ob weitere \u00c4nderungen ins Haus stehen. Schaut bitte regelm\u00e4\u00dfig auf unserer Webseite nach.<\/p>\n<p>Es gib einen Zeitplan f\u00fcr die schriftlichen Pr\u00fcfungen, die am 12. Mai starten sollen: &nbsp;<a href=\"https:\/\/www.standardsicherung.schulministerium.nrw.de\/cms\/zentralabitur-gost\/termine\/termine-2020\/\" target=\"_blank\" rel=\"noopener noreferrer\">LINK<\/a><\/p>\n<p>Das Oberstufenteam erstellt gerade einen Terminplan f\u00fcr die m\u00fcndlichen Pr\u00fcfungen. Diesen Plan werden wir umgehend hier ver\u00f6ffentlichen, wenn es weitere Informationen gibt.<\/p>\n<p>Bitte verfolgt weiter die Informationen hier und bleibt gesund!<br>Thomas Schulz &#8211; Abteilungsleiter SII<\/p>\n<p>&nbsp;<\/p>\n<p>&nbsp;<\/p>\n","protected":false},"excerpt":{"rendered":"<p>Liebe Sch\u00fclerinnen und Sch\u00fcler des 13. Jahrgangs. Das Abitur ist nun verschoben und es bleiben etliche Fragen offen. Aber es gibt derzeit konkrete Zeitpl\u00e4ne.Die Zulassungskonferenz zum Abitur (ZAA) wurde auf den 7. Mai 2020 verlegt. Der<a class=\"moretag\" href=\"https:\/\/hbg-koeln.de\/?p=7055\">Read More&#8230;<\/a><\/p>\n","protected":false},"author":1,"featured_media":0,"comment_status":"closed","ping_status":"open","sticky":false,"template":"","format":"standard","meta":{"ngg_post_thumbnail":0,"footnotes":""},"categories":[1],"tags":[],"class_list":["post-7055","post","type-post","status-publish","format-standard","hentry","category-allgemein"],"_links":{"self":[{"href":"https:\/\/hbg-koeln.de\/index.php?rest_route=\/wp\/v2\/posts\/7055","targetHints":{"allow":["GET"]}}],"collection":[{"href":"https:\/\/hbg-koeln.de\/index.php?rest_route=\/wp\/v2\/posts"}],"about":[{"href":"https:\/\/hbg-koeln.de\/index.php?rest_route=\/wp\/v2\/types\/post"}],"author":[{"embeddable":true,"href":"https:\/\/hbg-koeln.de\/index.php?rest_route=\/wp\/v2\/users\/1"}],"replies":[{"embeddable":true,"href":"https:\/\/hbg-koeln.de\/index.php?rest_route=%2Fwp%2Fv2%2Fcomments&post=7055"}],"version-history":[{"count":4,"href":"https:\/\/hbg-koeln.de\/index.php?rest_route=\/wp\/v2\/posts\/7055\/revisions"}],"predecessor-version":[{"id":7059,"href":"https:\/\/hbg-koeln.de\/index.php?rest_route=\/wp\/v2\/posts\/7055\/revisions\/7059"}],"wp:attachment":[{"href":"https:\/\/hbg-koeln.de\/index.php?rest_route=%2Fwp%2Fv2%2Fmedia&parent=7055"}],"wp:term":[{"taxonomy":"category","embeddable":true,"href":"https:\/\/hbg-koeln.de\/index.php?rest_route=%2Fwp%2Fv2%2Fcategories&post=7055"},{"taxonomy":"post_tag","embeddable":true,"href":"https:\/\/hbg-koeln.de\/index.php?rest_route=%2Fwp%2Fv2%2Ftags&post=7055"}],"curies":[{"name":"wp","href":"https:\/\/api.w.org\/{rel}","templated":true}]}}