{"id":7103,"date":"2020-04-21T15:44:47","date_gmt":"2020-04-21T13:44:47","guid":{"rendered":"http:\/\/hbg-koeln.de\/?p=7103"},"modified":"2020-04-21T16:00:15","modified_gmt":"2020-04-21T14:00:15","slug":"berufsorientierung-sek-ii","status":"publish","type":"post","link":"https:\/\/hbg-koeln.de\/?p=7103","title":{"rendered":"<b>Berufsorientierung Sek II<\/b>"},"content":{"rendered":"\n<p>Liebe Sch\u00fclerinnen und Sch\u00fcler der Oberstufe!<br>Die Berufsorientierung soll trotz der Krise so gut es geht fortgesetzt werden. Hierzu werden unter Beachtung datenschutzrechtlicher Bestimmungen digitale Wege, E-mails oder Telefongespr\u00e4che genutzt.<br>Bitte besucht deshalb regelm\u00e4\u00dfig unsere <a href=\"https:\/\/hbg-koeln.de\/?page_id=5107\">Homepage<\/a>.<br>Dort seht ihr die Kontaktdaten unserer Kooperationspartner sowie n\u00fctzliche Hinweise und Links zu eurer beruflichen Orientierung.<br>Der vorgesehene Uni-Tag muss leider entfallen und wird im n\u00e4chsten Schuljahr nachgeholt. <br>Viele Gr\u00fc\u00dfe<br>Rhades &nbsp;&#8211; Berufskoordinator SII<\/p>\n","protected":false},"excerpt":{"rendered":"<p>Liebe Sch\u00fclerinnen und Sch\u00fcler der Oberstufe!Die Berufsorientierung soll trotz der Krise so gut es geht fortgesetzt werden. Hierzu werden unter Beachtung datenschutzrechtlicher Bestimmungen digitale Wege, E-mails oder Telefongespr\u00e4che genutzt.Bitte besucht deshalb regelm\u00e4\u00dfig unsere Homepage.Dort seht ihr<a class=\"moretag\" href=\"https:\/\/hbg-koeln.de\/?p=7103\">Read More&#8230;<\/a><\/p>\n","protected":false},"author":9,"featured_media":0,"comment_status":"closed","ping_status":"open","sticky":false,"template":"","format":"standard","meta":{"ngg_post_thumbnail":0,"footnotes":""},"categories":[1],"tags":[],"class_list":["post-7103","post","type-post","status-publish","format-standard","hentry","category-allgemein"],"_links":{"self":[{"href":"https:\/\/hbg-koeln.de\/index.php?rest_route=\/wp\/v2\/posts\/7103","targetHints":{"allow":["GET"]}}],"collection":[{"href":"https:\/\/hbg-koeln.de\/index.php?rest_route=\/wp\/v2\/posts"}],"about":[{"href":"https:\/\/hbg-koeln.de\/index.php?rest_route=\/wp\/v2\/types\/post"}],"author":[{"embeddable":true,"href":"https:\/\/hbg-koeln.de\/index.php?rest_route=\/wp\/v2\/users\/9"}],"replies":[{"embeddable":true,"href":"https:\/\/hbg-koeln.de\/index.php?rest_route=%2Fwp%2Fv2%2Fcomments&post=7103"}],"version-history":[{"count":2,"href":"https:\/\/hbg-koeln.de\/index.php?rest_route=\/wp\/v2\/posts\/7103\/revisions"}],"predecessor-version":[{"id":7109,"href":"https:\/\/hbg-koeln.de\/index.php?rest_route=\/wp\/v2\/posts\/7103\/revisions\/7109"}],"wp:attachment":[{"href":"https:\/\/hbg-koeln.de\/index.php?rest_route=%2Fwp%2Fv2%2Fmedia&parent=7103"}],"wp:term":[{"taxonomy":"category","embeddable":true,"href":"https:\/\/hbg-koeln.de\/index.php?rest_route=%2Fwp%2Fv2%2Fcategories&post=7103"},{"taxonomy":"post_tag","embeddable":true,"href":"https:\/\/hbg-koeln.de\/index.php?rest_route=%2Fwp%2Fv2%2Ftags&post=7103"}],"curies":[{"name":"wp","href":"https:\/\/api.w.org\/{rel}","templated":true}]}}