{"id":7147,"date":"2020-04-25T09:36:53","date_gmt":"2020-04-25T07:36:53","guid":{"rendered":"http:\/\/hbg-koeln.de\/?p=7147"},"modified":"2020-04-25T09:36:55","modified_gmt":"2020-04-25T07:36:55","slug":"atemschutzmaske-mund-nasenbedeckung-muss-mitgebracht-werden","status":"publish","type":"post","link":"https:\/\/hbg-koeln.de\/?p=7147","title":{"rendered":"<b>Atemschutzmaske \/ Mund-\/Nasenbedeckung muss mitgebracht werden. <\/b>"},"content":{"rendered":"\n<p>Liebe Sch\u00fclerinnen und Sch\u00fcler, liebe Eltern,<\/p>\n<p>die Stadt K\u00f6ln hat folgende Vorschrift ver\u00f6ffentlicht:<\/p>\n<p><b>Mund-Nasen-Bedeckung auch in Schulen<\/b> &nbsp;<\/p>\n<p>&#8222;Der Krisenstab der Stadt K\u00f6ln hat sich der aktuellen Position des St\u00e4dtetages <abbr title=\"Nordrhein Westfalen\" xml:lang=\"%langAttr\" lang=\"%langAttr\">NRW<\/abbr> angeschlossen. Danach geh\u00f6rt ab dem 4. Mai 2020 eine Mund-Nasen-Bedeckung zur Grundausstattung aller Sch\u00fclerinnen und Sch\u00fcler. F\u00fcr die Grundausstattung tragen die Erziehungsberechtigten die Verantwortung.&#8220; <\/p>\n<p>Wir bitten alle Sch\u00fclerinnen und Sch\u00fcler eine Schutzmaske mitzubringen und auch zu tragen. Wir wollen vermeiden, andere anzustecken.<\/p>\n<p>Danke &#8211; Rolf Grisard<\/p>\n","protected":false},"excerpt":{"rendered":"<p>Liebe Sch\u00fclerinnen und Sch\u00fcler, liebe Eltern, die Stadt K\u00f6ln hat folgende Vorschrift ver\u00f6ffentlicht: Mund-Nasen-Bedeckung auch in Schulen &nbsp; &#8222;Der Krisenstab der Stadt K\u00f6ln hat sich der aktuellen Position des St\u00e4dtetages NRW angeschlossen. Danach geh\u00f6rt ab dem<a class=\"moretag\" href=\"https:\/\/hbg-koeln.de\/?p=7147\">Read More&#8230;<\/a><\/p>\n","protected":false},"author":9,"featured_media":0,"comment_status":"closed","ping_status":"open","sticky":false,"template":"","format":"standard","meta":{"ngg_post_thumbnail":0,"footnotes":""},"categories":[1],"tags":[],"class_list":["post-7147","post","type-post","status-publish","format-standard","hentry","category-allgemein"],"_links":{"self":[{"href":"https:\/\/hbg-koeln.de\/index.php?rest_route=\/wp\/v2\/posts\/7147","targetHints":{"allow":["GET"]}}],"collection":[{"href":"https:\/\/hbg-koeln.de\/index.php?rest_route=\/wp\/v2\/posts"}],"about":[{"href":"https:\/\/hbg-koeln.de\/index.php?rest_route=\/wp\/v2\/types\/post"}],"author":[{"embeddable":true,"href":"https:\/\/hbg-koeln.de\/index.php?rest_route=\/wp\/v2\/users\/9"}],"replies":[{"embeddable":true,"href":"https:\/\/hbg-koeln.de\/index.php?rest_route=%2Fwp%2Fv2%2Fcomments&post=7147"}],"version-history":[{"count":1,"href":"https:\/\/hbg-koeln.de\/index.php?rest_route=\/wp\/v2\/posts\/7147\/revisions"}],"predecessor-version":[{"id":7148,"href":"https:\/\/hbg-koeln.de\/index.php?rest_route=\/wp\/v2\/posts\/7147\/revisions\/7148"}],"wp:attachment":[{"href":"https:\/\/hbg-koeln.de\/index.php?rest_route=%2Fwp%2Fv2%2Fmedia&parent=7147"}],"wp:term":[{"taxonomy":"category","embeddable":true,"href":"https:\/\/hbg-koeln.de\/index.php?rest_route=%2Fwp%2Fv2%2Fcategories&post=7147"},{"taxonomy":"post_tag","embeddable":true,"href":"https:\/\/hbg-koeln.de\/index.php?rest_route=%2Fwp%2Fv2%2Ftags&post=7147"}],"curies":[{"name":"wp","href":"https:\/\/api.w.org\/{rel}","templated":true}]}}