{"id":7338,"date":"2020-07-04T09:30:43","date_gmt":"2020-07-04T07:30:43","guid":{"rendered":"http:\/\/hbg-koeln.de\/?p=7338"},"modified":"2020-07-04T09:37:27","modified_gmt":"2020-07-04T07:37:27","slug":"sommerferien-bis-zum-11-08-2020","status":"publish","type":"post","link":"https:\/\/hbg-koeln.de\/?p=7338","title":{"rendered":"<b>Sommerferien bis zum 11.08.2020<\/b>"},"content":{"rendered":"\n<p><img loading=\"lazy\" decoding=\"async\" class=\"wp-image-7339 alignleft\" src=\"http:\/\/hbg-koeln.de\/wp-content\/uploads\/2020\/07\/2020Sommer.jpg\" alt=\"\" width=\"216\" height=\"162\" srcset=\"https:\/\/hbg-koeln.de\/wp-content\/uploads\/2020\/07\/2020Sommer.jpg 886w, https:\/\/hbg-koeln.de\/wp-content\/uploads\/2020\/07\/2020Sommer-300x225.jpg 300w, https:\/\/hbg-koeln.de\/wp-content\/uploads\/2020\/07\/2020Sommer-768x576.jpg 768w\" sizes=\"auto, (max-width: 216px) 100vw, 216px\" \/>Liebe Schulgemeinde,<\/p>\n<p>die Sommerferien haben begonnen und nun wird in der Schule mit viel Flei\u00df gearbeitet. Die Brandschutzanlagen werden modernisiert und in allen Klassen werden Deckenbeamer mit Apple-TV-Boxen installiert. <br>Wir bedanken uns bei allen Sch\u00fclerinnen und Sch\u00fclern, den Eltern und nat\u00fcrlich auch den Lehrerinnen und Lehrern f\u00fcr den verantwortungsvollen und auch umsichtigen Umgang mit den coronabedingten Ma\u00dfnahmen. <br>F\u00fcr das n\u00e4chste Schuljahr hoffen wir, dass ein geregelter Schulbetrieb mit einem Stundenplan m\u00f6glich ist, der die Anwesenheit aller Sch\u00fclerinnen und Sch\u00fcler erm\u00f6glicht. Informationen seitens des Ministeriums zu diesem Thema finden Sie <a href=\"https:\/\/www.schulministerium.nrw.de\/docs\/Recht\/Schulgesundheitsrecht\/Infektionsschutz\/300-Coronavirus\/index.html\">hier<\/a>.<br>Die Einschulung des neuen 5. Jahrgangs wird nicht im Rahmen einer gemeinsamen Veranstaltung stattfinden, sondern klassenweise. Dazu haben wir an die Eltern einen Brief verschickt.<br>Das Sekretariat ist wieder ab dem 05.08.2020 zwischen 8 und 12 Uhr ge\u00f6ffnet. <br>Wir w\u00fcnschen allen erholsame Sommertage mit vielen sch\u00f6nen Erlebnissen.<\/p>\n<p>Rolf Grisard und Uta Goossens (f\u00fcr die Schulleitung)<\/p>\n","protected":false},"excerpt":{"rendered":"<p>Liebe Schulgemeinde, die Sommerferien haben begonnen und nun wird in der Schule mit viel Flei\u00df gearbeitet. Die Brandschutzanlagen werden modernisiert und in allen Klassen werden Deckenbeamer mit Apple-TV-Boxen installiert. Wir bedanken uns bei allen Sch\u00fclerinnen und<a class=\"moretag\" href=\"https:\/\/hbg-koeln.de\/?p=7338\">Read More&#8230;<\/a><\/p>\n","protected":false},"author":9,"featured_media":0,"comment_status":"closed","ping_status":"open","sticky":false,"template":"","format":"standard","meta":{"ngg_post_thumbnail":0,"footnotes":""},"categories":[1],"tags":[],"class_list":["post-7338","post","type-post","status-publish","format-standard","hentry","category-allgemein"],"_links":{"self":[{"href":"https:\/\/hbg-koeln.de\/index.php?rest_route=\/wp\/v2\/posts\/7338","targetHints":{"allow":["GET"]}}],"collection":[{"href":"https:\/\/hbg-koeln.de\/index.php?rest_route=\/wp\/v2\/posts"}],"about":[{"href":"https:\/\/hbg-koeln.de\/index.php?rest_route=\/wp\/v2\/types\/post"}],"author":[{"embeddable":true,"href":"https:\/\/hbg-koeln.de\/index.php?rest_route=\/wp\/v2\/users\/9"}],"replies":[{"embeddable":true,"href":"https:\/\/hbg-koeln.de\/index.php?rest_route=%2Fwp%2Fv2%2Fcomments&post=7338"}],"version-history":[{"count":2,"href":"https:\/\/hbg-koeln.de\/index.php?rest_route=\/wp\/v2\/posts\/7338\/revisions"}],"predecessor-version":[{"id":7341,"href":"https:\/\/hbg-koeln.de\/index.php?rest_route=\/wp\/v2\/posts\/7338\/revisions\/7341"}],"wp:attachment":[{"href":"https:\/\/hbg-koeln.de\/index.php?rest_route=%2Fwp%2Fv2%2Fmedia&parent=7338"}],"wp:term":[{"taxonomy":"category","embeddable":true,"href":"https:\/\/hbg-koeln.de\/index.php?rest_route=%2Fwp%2Fv2%2Fcategories&post=7338"},{"taxonomy":"post_tag","embeddable":true,"href":"https:\/\/hbg-koeln.de\/index.php?rest_route=%2Fwp%2Fv2%2Ftags&post=7338"}],"curies":[{"name":"wp","href":"https:\/\/api.w.org\/{rel}","templated":true}]}}