{"id":7347,"date":"2020-08-06T14:21:29","date_gmt":"2020-08-06T12:21:29","guid":{"rendered":"http:\/\/hbg-koeln.de\/?p=7347"},"modified":"2020-08-11T22:38:52","modified_gmt":"2020-08-11T20:38:52","slug":"infos-zum-schulbeginn-am-12-08-2020","status":"publish","type":"post","link":"https:\/\/hbg-koeln.de\/?p=7347","title":{"rendered":"<b>Infos zum Schulbeginn am 12.08.2020<\/b>"},"content":{"rendered":"\n<p>Liebe Sch\u00fclerinnen und Sch\u00fcler, liebe Eltern,<\/p>\n<p>wir freuen uns, dass wir am Mittwoch, 12.08.2020 wieder f\u00fcr alle Sch\u00fclerinnen und Sch\u00fcler mit dem Unterricht beginnen.&nbsp;<br><a href=\"http:\/\/hbg-koeln.de\/wp-content\/uploads\/2020\/08\/20-08-06-Unterricht-in-den-ersten-beiden-Schulwochen-2020.pdf\">Die Schulzeiten f\u00fcr die erste Woche haben wir hier zusammengefasst.<\/a><br>Die Landesregierung hat f\u00fcr alle Schulen des Landes die Pflicht zum Tragen einer Mund-\/Nasebedeckung in der Schule verbindlich angeordnet. Das bedeutet, dass alle Besucher der Schule eine Maske tragen m\u00fcssen (Sch\u00fclerinnen und Sch\u00fcler, Eltern, Lehrkr\u00e4fte &#8230;). Am Eingang der Schule werden wir dies kontrollieren.<br><strong>Wir bitten alle Sch\u00fclerinnen und Sch\u00fcler, mit einer Maske zur Schule zu kommen und diese auch zu tragen.<\/strong><\/p>\n<p><a href=\"http:\/\/hbg-koeln.de\/wp-content\/uploads\/2020\/08\/20-08-10-Elternbrief-1.pdf\">Informationen zu weiteren Regelungen finden Sie im Elternbrief.<\/a><\/p>\n<p>Die Einschulung des neuen f\u00fcnften Jahrgangs erfolgt klassenweise ab 12 Uhr. Die Eltern sind entsprechend informiert worden.<\/p>\n<hr>\n<p><strong>Liebe Sch\u00fclerinnen und Sch\u00fcler der Oberstufe,<\/strong><br><br>wir hoffen, dass ihr sch\u00f6ne Ferien hattet und nun mit uns in dieses neue und sicher aufregende Schuljahr startet. <br>Dazu erhaltet ihr hier die wichtigsten Informationen f\u00fcr euren ersten Schultag (Mittwoch,12.08.2020).<br><br>die EF trifft sich um 8 Uhr auf dem Schulhof (Basketballplatz)<br>die Q1 trifft sich um 8.30 Uhr auf dem Schulhof (Basketballplatz)&nbsp;<br>die Q2 trifft sich um 9 Uhr auf dem Schulhof (Basketballplatz)<\/p>\n<p>Die Beratungsteam holen euch dort ab!<\/p>\n<p>Die Wiederholer*innen aller Jahrg\u00e4nge kommen bitte im Anschluss an die Jahrgangsveranstaltungen in die B\u00fcros der Beratungslehrer.<br><br>In der 4. und 5. Stunde findet f\u00fcr alle anderen Sch\u00fcler*innen Fachunterricht statt. Der Unterricht endet um 12.30 Uhr. <br><br>Viele Gr\u00fc\u00dfe, wir freuen uns auf euch!<br>Eure Beratungslehrer*innen<\/p>\n<hr>\n<p><a href=\"https:\/\/schulpsychologie.nrw.de\/schule-und-corona\/index.html\">Auf den Seiten des Ministeriums finden Sie weitere hilfreiche Informationen.<\/a><\/p>\n<p>Wir w\u00fcnschen uns allen einen guten Schulbeginn, bei dem wir uns friedlich und freundlich begegnen und wieder mit Freude lernen.<\/p>\n<p>Uta Goossens (stellv. Schulleiterin) und Rolf Grisard (Schulleiter)<\/p>\n","protected":false},"excerpt":{"rendered":"<p>Liebe Sch\u00fclerinnen und Sch\u00fcler, liebe Eltern, wir freuen uns, dass wir am Mittwoch, 12.08.2020 wieder f\u00fcr alle Sch\u00fclerinnen und Sch\u00fcler mit dem Unterricht beginnen.&nbsp;Die Schulzeiten f\u00fcr die erste Woche haben wir hier zusammengefasst.Die Landesregierung hat f\u00fcr<a class=\"moretag\" href=\"https:\/\/hbg-koeln.de\/?p=7347\">Read More&#8230;<\/a><\/p>\n","protected":false},"author":9,"featured_media":0,"comment_status":"closed","ping_status":"open","sticky":false,"template":"","format":"standard","meta":{"ngg_post_thumbnail":0,"footnotes":""},"categories":[1],"tags":[],"class_list":["post-7347","post","type-post","status-publish","format-standard","hentry","category-allgemein"],"_links":{"self":[{"href":"https:\/\/hbg-koeln.de\/index.php?rest_route=\/wp\/v2\/posts\/7347","targetHints":{"allow":["GET"]}}],"collection":[{"href":"https:\/\/hbg-koeln.de\/index.php?rest_route=\/wp\/v2\/posts"}],"about":[{"href":"https:\/\/hbg-koeln.de\/index.php?rest_route=\/wp\/v2\/types\/post"}],"author":[{"embeddable":true,"href":"https:\/\/hbg-koeln.de\/index.php?rest_route=\/wp\/v2\/users\/9"}],"replies":[{"embeddable":true,"href":"https:\/\/hbg-koeln.de\/index.php?rest_route=%2Fwp%2Fv2%2Fcomments&post=7347"}],"version-history":[{"count":6,"href":"https:\/\/hbg-koeln.de\/index.php?rest_route=\/wp\/v2\/posts\/7347\/revisions"}],"predecessor-version":[{"id":7368,"href":"https:\/\/hbg-koeln.de\/index.php?rest_route=\/wp\/v2\/posts\/7347\/revisions\/7368"}],"wp:attachment":[{"href":"https:\/\/hbg-koeln.de\/index.php?rest_route=%2Fwp%2Fv2%2Fmedia&parent=7347"}],"wp:term":[{"taxonomy":"category","embeddable":true,"href":"https:\/\/hbg-koeln.de\/index.php?rest_route=%2Fwp%2Fv2%2Fcategories&post=7347"},{"taxonomy":"post_tag","embeddable":true,"href":"https:\/\/hbg-koeln.de\/index.php?rest_route=%2Fwp%2Fv2%2Ftags&post=7347"}],"curies":[{"name":"wp","href":"https:\/\/api.w.org\/{rel}","templated":true}]}}