{"id":7372,"date":"2020-08-15T17:38:14","date_gmt":"2020-08-15T15:38:14","guid":{"rendered":"http:\/\/hbg-koeln.de\/?p=7372"},"modified":"2020-08-15T17:38:57","modified_gmt":"2020-08-15T15:38:57","slug":"erfolgreicher-schulstart","status":"publish","type":"post","link":"https:\/\/hbg-koeln.de\/?p=7372","title":{"rendered":"<b>Erfolgreicher Schulstart<\/b>"},"content":{"rendered":"\n<p>Liebe Schulgemeinde,<\/p>\n<p>die ersten drei Tage Schule f\u00fcr alle Sch\u00fclerinnen und Sch\u00fcler der HBG liegen hinter uns und wir sind froh, dass uns der Start gelungen ist. Die Sch\u00fclerinnen und Sch\u00fcler und auch das Schulpersonal haben das Tragen der Mund-\/Nasebedeckungen tapfer gemeistert. Wir hoffen, dass die Temperaturen in den kommenden Tagen etwas sinken werden, so dass die mit den Masken verbundenen Einschr\u00e4nkungen ertr\u00e4glicher werden.<br>Ab Montag, 17.8. wird es keine Kurzstunden mehr geben. Ab dem 19.8. beginnt der Mensabetrieb und es finden auch wieder Lehrproben statt. <br>Sollte es so hei\u00df werden, dass &#8222;Hitze frei&#8220; notwendig wird, wird der Unterricht am Nachmittag ausfallen. Kinder des 5. und 6. Jahrgang, die betreut werden m\u00fcssen, k\u00f6nnen dann in der Schule bleiben.<br>Wir hoffen, dass wir in die Normalit\u00e4t zur\u00fcckfinden und Sch\u00fclerinnen und Sch\u00fcler und auch die Lehrkr\u00e4fte sich nicht mit dem Coronavirus anstecken.<\/p>\n<p>Mit herzlichem Gru\u00df<br>Uta Goossens und Rolf Grisard<\/p>\n<p>&nbsp;<\/p>\n","protected":false},"excerpt":{"rendered":"<p>Liebe Schulgemeinde, die ersten drei Tage Schule f\u00fcr alle Sch\u00fclerinnen und Sch\u00fcler der HBG liegen hinter uns und wir sind froh, dass uns der Start gelungen ist. Die Sch\u00fclerinnen und Sch\u00fcler und auch das Schulpersonal haben<a class=\"moretag\" href=\"https:\/\/hbg-koeln.de\/?p=7372\">Read More&#8230;<\/a><\/p>\n","protected":false},"author":9,"featured_media":0,"comment_status":"closed","ping_status":"open","sticky":false,"template":"","format":"standard","meta":{"ngg_post_thumbnail":0,"footnotes":""},"categories":[1],"tags":[],"class_list":["post-7372","post","type-post","status-publish","format-standard","hentry","category-allgemein"],"_links":{"self":[{"href":"https:\/\/hbg-koeln.de\/index.php?rest_route=\/wp\/v2\/posts\/7372","targetHints":{"allow":["GET"]}}],"collection":[{"href":"https:\/\/hbg-koeln.de\/index.php?rest_route=\/wp\/v2\/posts"}],"about":[{"href":"https:\/\/hbg-koeln.de\/index.php?rest_route=\/wp\/v2\/types\/post"}],"author":[{"embeddable":true,"href":"https:\/\/hbg-koeln.de\/index.php?rest_route=\/wp\/v2\/users\/9"}],"replies":[{"embeddable":true,"href":"https:\/\/hbg-koeln.de\/index.php?rest_route=%2Fwp%2Fv2%2Fcomments&post=7372"}],"version-history":[{"count":2,"href":"https:\/\/hbg-koeln.de\/index.php?rest_route=\/wp\/v2\/posts\/7372\/revisions"}],"predecessor-version":[{"id":7374,"href":"https:\/\/hbg-koeln.de\/index.php?rest_route=\/wp\/v2\/posts\/7372\/revisions\/7374"}],"wp:attachment":[{"href":"https:\/\/hbg-koeln.de\/index.php?rest_route=%2Fwp%2Fv2%2Fmedia&parent=7372"}],"wp:term":[{"taxonomy":"category","embeddable":true,"href":"https:\/\/hbg-koeln.de\/index.php?rest_route=%2Fwp%2Fv2%2Fcategories&post=7372"},{"taxonomy":"post_tag","embeddable":true,"href":"https:\/\/hbg-koeln.de\/index.php?rest_route=%2Fwp%2Fv2%2Ftags&post=7372"}],"curies":[{"name":"wp","href":"https:\/\/api.w.org\/{rel}","templated":true}]}}