{"id":7558,"date":"2020-11-16T21:33:46","date_gmt":"2020-11-16T19:33:46","guid":{"rendered":"http:\/\/hbg-koeln.de\/?p=7558"},"modified":"2020-11-17T22:48:20","modified_gmt":"2020-11-17T20:48:20","slug":"20-neue-schulsanitaeter-innen-wurden-ausgebildet","status":"publish","type":"post","link":"https:\/\/hbg-koeln.de\/?p=7558","title":{"rendered":"<b>20 neue Schulsanit\u00e4ter\/innen wurden ausgebildet<\/b>"},"content":{"rendered":"\n<p><em>(Ein Bericht von Eva Grotendorst und Britta Mandok)<\/em><strong><br><\/strong><\/p>\n<p>Auch dieses Jahr wurden wieder 20 Sch\u00fcler und Sch\u00fclerinnen des 9ten Jahrgangs als Schulsanit\u00e4ter\/innen ausgebildet. Diesmal wurden die Sch\u00fcler\/innen schulintern ausgebildet. Die Sonderp\u00e4dagoginnen Eva Grotendorst und Britta Mandok nahmen letztes Jahr an einer Fortbildung zum Ausbilder der Erste-Hilfe Ausbildung teil und konnten die Sch\u00fcler\/innen dieses Jahr selber anleiten.<\/p>\n<p>Die Sch\u00fcler\/innen lernten an zwei Tagen kleine Wunden zu versorgen, Verb\u00e4nde anzulegen bis hin zu der stabilen Seitenlage, Herzdruckmassage, die Anwendung des Defibrillators, das richtige Absetzen des Notrufs und vieles mehr\u2026 Es hat allen Beteiligten sehr viel Spa\u00df gemacht, da es zum theoretischen Teil auch viel Praxis gab. Jede\/r Sch\u00fcler\/in konnte viel ausprobieren und alle offenen Fragen wurden beantwortet. Ab sofort k\u00f6nnen die neu ausgebildeten Schulsanit\u00e4ter\/innen aktiv ihr neues Wissen umsetzen und verletzten Mitsch\u00fclern\/innen an unserer Schule helfen.<\/p>\n\n\n\n<figure class=\"wp-block-image\"><img loading=\"lazy\" decoding=\"async\" width=\"1024\" height=\"768\" src=\"https:\/\/hbg-koeln.de\/wp-content\/uploads\/2020\/11\/img_0035-1024x768.jpg\" alt=\"\" class=\"wp-image-7559\" srcset=\"https:\/\/hbg-koeln.de\/wp-content\/uploads\/2020\/11\/img_0035-1024x768.jpg 1024w, https:\/\/hbg-koeln.de\/wp-content\/uploads\/2020\/11\/img_0035-300x225.jpg 300w, https:\/\/hbg-koeln.de\/wp-content\/uploads\/2020\/11\/img_0035-768x576.jpg 768w\" sizes=\"auto, (max-width: 1024px) 100vw, 1024px\" \/><\/figure>\n","protected":false},"excerpt":{"rendered":"<p>(Ein Bericht von Eva Grotendorst und Britta Mandok) Auch dieses Jahr wurden wieder 20 Sch\u00fcler und Sch\u00fclerinnen des 9ten Jahrgangs als Schulsanit\u00e4ter\/innen ausgebildet. Diesmal wurden die Sch\u00fcler\/innen schulintern ausgebildet. Die Sonderp\u00e4dagoginnen Eva Grotendorst und Britta Mandok<a class=\"moretag\" href=\"https:\/\/hbg-koeln.de\/?p=7558\">Read More&#8230;<\/a><\/p>\n","protected":false},"author":11,"featured_media":0,"comment_status":"closed","ping_status":"open","sticky":false,"template":"","format":"standard","meta":{"ngg_post_thumbnail":0,"footnotes":""},"categories":[1],"tags":[],"class_list":["post-7558","post","type-post","status-publish","format-standard","hentry","category-allgemein"],"_links":{"self":[{"href":"https:\/\/hbg-koeln.de\/index.php?rest_route=\/wp\/v2\/posts\/7558","targetHints":{"allow":["GET"]}}],"collection":[{"href":"https:\/\/hbg-koeln.de\/index.php?rest_route=\/wp\/v2\/posts"}],"about":[{"href":"https:\/\/hbg-koeln.de\/index.php?rest_route=\/wp\/v2\/types\/post"}],"author":[{"embeddable":true,"href":"https:\/\/hbg-koeln.de\/index.php?rest_route=\/wp\/v2\/users\/11"}],"replies":[{"embeddable":true,"href":"https:\/\/hbg-koeln.de\/index.php?rest_route=%2Fwp%2Fv2%2Fcomments&post=7558"}],"version-history":[{"count":2,"href":"https:\/\/hbg-koeln.de\/index.php?rest_route=\/wp\/v2\/posts\/7558\/revisions"}],"predecessor-version":[{"id":7567,"href":"https:\/\/hbg-koeln.de\/index.php?rest_route=\/wp\/v2\/posts\/7558\/revisions\/7567"}],"wp:attachment":[{"href":"https:\/\/hbg-koeln.de\/index.php?rest_route=%2Fwp%2Fv2%2Fmedia&parent=7558"}],"wp:term":[{"taxonomy":"category","embeddable":true,"href":"https:\/\/hbg-koeln.de\/index.php?rest_route=%2Fwp%2Fv2%2Fcategories&post=7558"},{"taxonomy":"post_tag","embeddable":true,"href":"https:\/\/hbg-koeln.de\/index.php?rest_route=%2Fwp%2Fv2%2Ftags&post=7558"}],"curies":[{"name":"wp","href":"https:\/\/api.w.org\/{rel}","templated":true}]}}