{"id":7855,"date":"2021-03-07T08:07:20","date_gmt":"2021-03-07T07:07:20","guid":{"rendered":"http:\/\/hbg-koeln.de\/?p=7855"},"modified":"2021-03-07T08:09:42","modified_gmt":"2021-03-07T07:09:42","slug":"schulbetrieb-ab-montag-15-3-21","status":"publish","type":"post","link":"https:\/\/hbg-koeln.de\/?p=7855","title":{"rendered":"<b>Schulbetrieb ab Montag, 15.3.21<\/b>"},"content":{"rendered":"\n<p>Liebe Eltern, liebe Sch\u00fclerinnen und Sch\u00fcler,<br>es gibt eine neue <a href=\"https:\/\/www.schulministerium.nrw.de\/ministerium\/schulverwaltung\/schulmail-archiv\/05032021-informationen-zum-schulbetrieb-nrw\">Mail des Ministeriums<\/a>, die den Unterrichtsbetrieb ab dem 15.03.21 regelt.<br><strong>Alle Jahrg\u00e4nge (5 &#8211; Q2) kommen ab Montag, dem 15.3.21 zur Schule im Wechselunterricht.<\/strong><br>Wir bilden in allen Klassen und Jahrg\u00e4ngen A- und B-Gruppen (mit Ausnahme der Q2) nach Alphabet. In der Regel A-K (Gruppe A) und L-Z (Gruppe B).<br><strong>NEU: Die Gruppen wechseln t\u00e4glich<\/strong>. Das gilt f\u00fcr die Sch\u00fclerinnen und Sch\u00fcler des 10. Jahrgangs und der Q1 auch schon in der n\u00e4chsten Woche. <a href=\"http:\/\/hbg-koeln.de\/wp-content\/uploads\/2021\/03\/21-03-08-Uebersicht_A_B_Tage_vor-Ostern.pdf\">Hier ist der Link zum Plan.<\/a><br>Insbesondere f\u00fcr die j\u00fcngeren Sch\u00fclerinnen und Sch\u00fcler ist es aus unserer Sicht psychologisch besser, wenn man nicht eine ganze Woche warten muss, sondern jeden zweiten Tag zur Schule geht.&nbsp; Wir halten es auch f\u00fcr wichtig, dass wir ein System f\u00fcr die ganze Schule haben. Uns ist bewusst, dass dies mit Planungsaufwand verbunden ist.<br><strong>Der Nachmittagsunterricht findet nicht als Pr\u00e4senzunterricht statt<\/strong>. Der Pr\u00e4senzunterricht der SI endet Mo, Mi und Do nach der 5. Stunde und Di und Fr nach der 6. Stunde. In der SII endet der Unterricht in der Schule an allen Tagen nach der 6. Stunde. Wir verhindern so eine Durchmischung der mehr als 50 Lerngruppen in der Mittagspause und erm\u00f6glichen zus\u00e4tzlich, dass es am Nachmittag ein Angebot f\u00fcr die Sch\u00fclerinnen und Sch\u00fcler gibt, die an diesem Tag zu Hause lernen.<br>Nach M\u00f6glichkeit wird an den Nachmittagen der Langtage (Mo, Mi, Do)&nbsp; eine Videokonferenz im Rahmen des Stundenplans angeboten werden. Die Klassenlehrer*innen sprechen sich mit den Fachlehrer*innen ab und informieren die Eltern. In der SII wird in der 8. und 9. Stunde laut Stundenplan Distanzunterricht durchgef\u00fchrt.Im 10. Jahrgang bleiben die Ma\u00dfnahmen zur \u00e4u\u00dferen Differenzierung (WP-Kurse, E- und G-Kurse in den F\u00e4chern M und E, Religion und PP) erhalten.<br>In den Jahrg\u00e4ngen 5-9 gibt es keine Ma\u00dfnahmen zur \u00e4u\u00dferen Differenzierung und die Klassen werden ausschlie\u00dflich in halben Gruppen und im Klassenverband unterrichtet.<br><strong>Die Notbetreuung findet ausschlie\u00dflich f\u00fcr Sch\u00fcler*innen der 5. und 6. Klassen und in einigen besonderen F\u00e4llen statt. Hier ist es n\u00f6tig, dass die Eltern bis sp\u00e4testens Donnerstag, den 11.03.21 einen neuen Antrag auf Notbetreuung stellen<\/strong>. Auch hier wird es eine A- und eine B-Gruppe geben.<br>Es ist zur Zeit nicht m\u00f6glich, einzelne Sch\u00fcler*innen zur Beratung, Einzelf\u00f6rderung etc. zur Schule zu bestellen. Im Sinne einer Kontaktnachverfolgung ist das nicht zu leisten.<br>Lasst uns in dieser besonderen Situation einen k\u00fchlen Kopf bewahren und uns vorsichtig freuen, dass alle Sch\u00fcler*innen wieder zur Schule kommen k\u00f6nnen.<br>Mit herzlichem Gru\u00df<br>Uta Goossens und Rolf Grisard (f\u00fcr das Schulleitungsteam)<\/p>\n","protected":false},"excerpt":{"rendered":"<p>Liebe Eltern, liebe Sch\u00fclerinnen und Sch\u00fcler,es gibt eine neue Mail des Ministeriums, die den Unterrichtsbetrieb ab dem 15.03.21 regelt.Alle Jahrg\u00e4nge (5 &#8211; Q2) kommen ab Montag, dem 15.3.21 zur Schule im Wechselunterricht.Wir bilden in allen Klassen<a class=\"moretag\" href=\"https:\/\/hbg-koeln.de\/?p=7855\">Read More&#8230;<\/a><\/p>\n","protected":false},"author":9,"featured_media":0,"comment_status":"closed","ping_status":"open","sticky":false,"template":"","format":"standard","meta":{"ngg_post_thumbnail":0,"footnotes":""},"categories":[1],"tags":[],"class_list":["post-7855","post","type-post","status-publish","format-standard","hentry","category-allgemein"],"_links":{"self":[{"href":"https:\/\/hbg-koeln.de\/index.php?rest_route=\/wp\/v2\/posts\/7855","targetHints":{"allow":["GET"]}}],"collection":[{"href":"https:\/\/hbg-koeln.de\/index.php?rest_route=\/wp\/v2\/posts"}],"about":[{"href":"https:\/\/hbg-koeln.de\/index.php?rest_route=\/wp\/v2\/types\/post"}],"author":[{"embeddable":true,"href":"https:\/\/hbg-koeln.de\/index.php?rest_route=\/wp\/v2\/users\/9"}],"replies":[{"embeddable":true,"href":"https:\/\/hbg-koeln.de\/index.php?rest_route=%2Fwp%2Fv2%2Fcomments&post=7855"}],"version-history":[{"count":3,"href":"https:\/\/hbg-koeln.de\/index.php?rest_route=\/wp\/v2\/posts\/7855\/revisions"}],"predecessor-version":[{"id":7859,"href":"https:\/\/hbg-koeln.de\/index.php?rest_route=\/wp\/v2\/posts\/7855\/revisions\/7859"}],"wp:attachment":[{"href":"https:\/\/hbg-koeln.de\/index.php?rest_route=%2Fwp%2Fv2%2Fmedia&parent=7855"}],"wp:term":[{"taxonomy":"category","embeddable":true,"href":"https:\/\/hbg-koeln.de\/index.php?rest_route=%2Fwp%2Fv2%2Fcategories&post=7855"},{"taxonomy":"post_tag","embeddable":true,"href":"https:\/\/hbg-koeln.de\/index.php?rest_route=%2Fwp%2Fv2%2Ftags&post=7855"}],"curies":[{"name":"wp","href":"https:\/\/api.w.org\/{rel}","templated":true}]}}