{"id":7911,"date":"2021-04-17T06:09:42","date_gmt":"2021-04-17T05:09:42","guid":{"rendered":"http:\/\/hbg-koeln.de\/?p=7911"},"modified":"2021-04-18T08:30:08","modified_gmt":"2021-04-18T07:30:08","slug":"schulbetrieb-ab-montag-19-04-2021","status":"publish","type":"post","link":"https:\/\/hbg-koeln.de\/?p=7911","title":{"rendered":"<b>Schulbetrieb ab Montag, 19.04.2021<\/b>"},"content":{"rendered":"\n<p>Liebe Schulgemeinde!<br>Ab Mo, 19.4.21 kommen wieder alle Sch\u00fclerinnen und Sch\u00fcler im Wechselunterricht zur Schule (Montag = Gruppe A). Bez\u00fcglich der Testungen gibt es folgende Regelungen:<br>1, Die Teilnahme am Test ist verpflichtend (s. <a href=\"https:\/\/www.schulministerium.nrw\/ministerium\/schulverwaltung\/schulmail-archiv\/14042021-schulbetrieb-im-wechselunterricht-ab-montag\">Mail des Ministeriums<\/a>)<br>2. Sch\u00fclerinnen und Sch\u00fcler, die nicht getestet werden wollen oder sollen, m\u00fcssen das Schulgel\u00e4nde verlassen. Die Eltern erhalten einen Brief.<br>3. Vorgehen \u2013 positiver Corona-Selbsttest<br>Das Gesundheitsamt hat die Verfahrensweisen neu definiert. Wenn ein Sch\u00fcler oder eine Sch\u00fclerin ein positives Selbsttestergebnis hat, dann m\u00fcssen auch sofort die Sch\u00fclerinnen und Sch\u00fcler in eine vorl\u00e4ufige Quarant\u00e4ne, die in weniger als 1,5m Abstand zum betroffenen Kind sa\u00dfen. Sie mussten f\u00fcr den Test ja die Maske ablegen. In Abh\u00e4ngigkeit vom PCR-Testergebnis des positiv getesteten Kindes wird die Quarant\u00e4ne f\u00fcr die anderen verl\u00e4ngert (14 Tage) oder nicht. Die positiv getesteten SuS und auch die SuS, die in vorl\u00e4ufige Quarant\u00e4ne geschickt werden, m\u00fcssen der Schulleitung gemeldet werden. Wir sind dazu verpflichtet, die Daten an das Gesundheitsamt weiterzuleiten. Die Eltern sind dazu verpflichtet, unverz\u00fcglich f\u00fcr Kinder mit positivem Selbsttestergebnis einen PCR-Test zu veranlassen.<br>4. Masken und Nachverfolgung<br>Die Sch\u00fclerinnen und Sch\u00fcler m\u00fcssen in der Schule eine medizinische oder eine FFP2-Maske tragen. Davon sind nur SuS bis zur Klasse 8 ausgenommen, f\u00fcr die die Masken zu gro\u00df sind. Diese Kinder d\u00fcrfen in diesem Fall eine Alltagsmaske tragen. Wenn Sch\u00fclerinnen und Sch\u00fcler durchg\u00e4ngig eine korrekt anliegende medizinische oder FFP2-Maske tragen und ausreichend gel\u00fcftet wurde, entstehen keine Kontakte der Kategorie 1 und es wird keine Quarant\u00e4ne verh\u00e4ngt. Bitte geben Sie Ihrem Kind eine korrekt sitzende Maske mit.<br>5. Zentrale Klassenarbeiten \/ Abiturpr\u00fcfungen<br>Es wird leider so sein, dass sehr viele Aufsichten ben\u00f6tigt werden, um die Klassenarbeiten und Klausuren zu schreiben, wenn in den Klassen nur halbe Lerngruppen aufgrund der Raumgr\u00f6\u00dfe zugelassen werden k\u00f6nnen. Das bedeutet, dass f\u00fcr einzelne Jahrg\u00e4nge der Unterricht in den ersten beiden Stunden ausfallen wird. Die Information erfolgt \u00fcber die Klassenlehrer*innen.<br>Wir hoffen auf wenige positive Tests, gesunde Sch\u00fclerinnen und Sch\u00fcler und einen m\u00f6glichst reibungslosen Ablauf der Abiturpr\u00fcfungen, die auf uns zukommen.<br>Mit herzlichem Gru\u00df<br>Uta Goossens und Rolf Grisard<\/p>\n","protected":false},"excerpt":{"rendered":"<p>Liebe Schulgemeinde!Ab Mo, 19.4.21 kommen wieder alle Sch\u00fclerinnen und Sch\u00fcler im Wechselunterricht zur Schule (Montag = Gruppe A). Bez\u00fcglich der Testungen gibt es folgende Regelungen:1, Die Teilnahme am Test ist verpflichtend (s. Mail des Ministeriums)2. Sch\u00fclerinnen<a class=\"moretag\" href=\"https:\/\/hbg-koeln.de\/?p=7911\">Read More&#8230;<\/a><\/p>\n","protected":false},"author":9,"featured_media":0,"comment_status":"closed","ping_status":"open","sticky":false,"template":"","format":"standard","meta":{"ngg_post_thumbnail":0,"footnotes":""},"categories":[1],"tags":[],"class_list":["post-7911","post","type-post","status-publish","format-standard","hentry","category-allgemein"],"_links":{"self":[{"href":"https:\/\/hbg-koeln.de\/index.php?rest_route=\/wp\/v2\/posts\/7911","targetHints":{"allow":["GET"]}}],"collection":[{"href":"https:\/\/hbg-koeln.de\/index.php?rest_route=\/wp\/v2\/posts"}],"about":[{"href":"https:\/\/hbg-koeln.de\/index.php?rest_route=\/wp\/v2\/types\/post"}],"author":[{"embeddable":true,"href":"https:\/\/hbg-koeln.de\/index.php?rest_route=\/wp\/v2\/users\/9"}],"replies":[{"embeddable":true,"href":"https:\/\/hbg-koeln.de\/index.php?rest_route=%2Fwp%2Fv2%2Fcomments&post=7911"}],"version-history":[{"count":3,"href":"https:\/\/hbg-koeln.de\/index.php?rest_route=\/wp\/v2\/posts\/7911\/revisions"}],"predecessor-version":[{"id":7915,"href":"https:\/\/hbg-koeln.de\/index.php?rest_route=\/wp\/v2\/posts\/7911\/revisions\/7915"}],"wp:attachment":[{"href":"https:\/\/hbg-koeln.de\/index.php?rest_route=%2Fwp%2Fv2%2Fmedia&parent=7911"}],"wp:term":[{"taxonomy":"category","embeddable":true,"href":"https:\/\/hbg-koeln.de\/index.php?rest_route=%2Fwp%2Fv2%2Fcategories&post=7911"},{"taxonomy":"post_tag","embeddable":true,"href":"https:\/\/hbg-koeln.de\/index.php?rest_route=%2Fwp%2Fv2%2Ftags&post=7911"}],"curies":[{"name":"wp","href":"https:\/\/api.w.org\/{rel}","templated":true}]}}