{"id":7920,"date":"2021-04-23T14:56:47","date_gmt":"2021-04-23T13:56:47","guid":{"rendered":"http:\/\/hbg-koeln.de\/?p=7920"},"modified":"2021-04-23T14:58:58","modified_gmt":"2021-04-23T13:58:58","slug":"schulbetrieb-ab-mo-26-04-2021","status":"publish","type":"post","link":"https:\/\/hbg-koeln.de\/?p=7920","title":{"rendered":"<b>Schulbetrieb ab Mo, 26.04.2021<\/b>"},"content":{"rendered":"\n<p>Liebe Schulgemeinde,<br>leider entspannt sich die&nbsp; Covid19-bedingte Ausnahmesituation zur Zeit noch nicht. <br>Mit dem Wechsel in den Distanzunterricht ab Mo, 26.4.21 kommt wieder etwas Regelungsbedarf auf uns zu (s. <a href=\"https:\/\/www.schulministerium.nrw\/22042021-informationen-zum-schulbetrieb-ab-26-april-2021\">Mail des Schulministeriums<\/a>). Wir haben versucht, sinnvolle L\u00f6sungen f\u00fcr die anstehenden Aufgaben zu finden:<\/p>\n<div class=\"moz-forward-container\">\n<div class=\"moz-forward-container\"><b>Unterrichtsorganisation<\/b><\/div>\n<div class=\"moz-forward-container\">SuS des 10. Jahrgangs und der Q1&nbsp; besuchen die Schule, alle anderen SuS haben Distanzunterricht laut Plan. Die Klassenlehrer*innen organisieren den Stundenplan mit der Anzahl der Videokonferenzen.<\/div>\n<div class=\"moz-forward-container\">Die SuS besuchen im Wechsel die Schule (A- und B-Tage, s. Anlage).<\/div>\n<div class=\"moz-forward-container\">Hinzu kommen Kinder des 5. und 6. Jahrgangs, sowie einzelne Kinder mit sonderp\u00e4dagogischem Unterst\u00fctzungsbedarf in der Notbetreuung.<\/div>\n<div class=\"moz-forward-container\">Alle SuS und LuL, die sich in der Schule aufhalten, testen sich zwei Mal in der Woche. Die Testung der SuS erfolgt ausschlie\u00dflich in der Schule von Di bis Fr, die LuL testen sich selbst zu Hause oder in der Schule.<\/div>\n<div class=\"moz-forward-container\"><br><b>SuS mit sonderp\u00e4dagogischem Unterst\u00fctzungsbedarf<\/b><br>Momentan sind die beiden Gruppen in der Notbetreuung gut ausgelastet. Wenn weitere Kinder mit sonderp\u00e4dagogischem Unterst\u00fctzungsbedarf an der Schule betreut werden sollen, melden die Klassenlehrer*innen dies in Absprache mit den zust\u00e4ndigen Sonderp\u00e4dagog*innen bei der zust\u00e4ndigen Abteilungsleitung an. Wir werden dann ggf. eine weitere Gruppe einrichten. Diese wird dann von Lehrkr\u00e4ften der jeweiligen Jahrgangsstufe betreut. Dies kann einige Tage Planungszeit in Anspruch nehmen.<\/div>\n<div class=\"moz-forward-container\">&nbsp;<\/div>\n<div class=\"moz-forward-container\"><b>Befreiung von der Pr\u00e4senzpflicht aufgrund der Betreuung eigener Kinder <br><\/b><\/div>\n<div class=\"moz-forward-container\">Lehrkr\u00e4fte, die eigene Kinder betreuen m\u00fcssen und die Schlie\u00dfung von KiTa\/Grundschule kompensieren m\u00fcssen, kl\u00e4ren mit der Schulleitung ab, wie sie bestm\u00f6glich ihren Verpflichtungen nachkommen.<\/div>\n<div class=\"moz-forward-container\">&nbsp;<\/div>\n<div class=\"moz-forward-container\"><b>Pr\u00fcfungen<\/b><\/div>\n<div class=\"moz-forward-container\">\n<ul>\n<li>Klassenarbeiten<\/li>\n<\/ul>\n<\/div>\n<div class=\"moz-forward-container\">Wir sind froh \u00fcber jede Klassenarbeit, die in der letzten Woche geschrieben werden konnte. Einen gro\u00dfen Dank an die Abteilungsleitungen und das Orga-Team f\u00fcr die Planung und Organisation!<\/div>\n<div class=\"moz-forward-container\">\n<ul>\n<li>Abschlusspr\u00fcfungen<\/li>\n<\/ul>\n<\/div>\n<div class=\"moz-forward-container\">Nach jetzigem Stand finden alle Abschlusspr\u00fcfungen wie vorgesehen statt. SuS, die am Unterricht nicht teilnehmen, weil sie sich nicht testen wollen, nehmen in einem gesonderten Raum an den Abschlusspr\u00fcfungen teil. SuS, die sich in Quarant\u00e4ne befinden und keine Krankheitssymptome haben, k\u00f6nnen ebenfalls an den Abschlusspr\u00fcfungen teilnehmen, wenn sie ein negatives Testergebnis vorlegen (B\u00fcrgertest). Sonderf\u00e4lle sollten so fr\u00fch wie m\u00f6glich bei den Abteilungsleitern (Herr Maul oder Herr Schulz) angemeldet werden.<\/div>\n<div class=\"moz-forward-container\">&nbsp;<\/div>\n<div class=\"moz-forward-container\"><b>Mensa<\/b><br>Die Mensa und der Kiosk bleiben geschlossen. Es besteht aber die M\u00f6glichkeit, Lunchpakete zu bestellen.<\/div>\n<div class=\"moz-forward-container\">&nbsp;<\/div>\nEs ist uns wichtig, in Kontakt zu den Kindern bleiben, die jetzt wieder einmal ausschlie\u00dflich im Distanzunterricht beschult werden und auf ihre Freund*innen und Freizeitaktivit\u00e4ten verzichten m\u00fcssen. <br>\n<p>Wir w\u00fcnschen allen ein sch\u00f6nes Wochenende!<\/p>\n<p>Uta Goossens und Rolf Grisard<\/p>\n<\/div>\n","protected":false},"excerpt":{"rendered":"<p>Liebe Schulgemeinde,leider entspannt sich die&nbsp; Covid19-bedingte Ausnahmesituation zur Zeit noch nicht. Mit dem Wechsel in den Distanzunterricht ab Mo, 26.4.21 kommt wieder etwas Regelungsbedarf auf uns zu (s. Mail des Schulministeriums). Wir haben versucht, sinnvolle L\u00f6sungen<a class=\"moretag\" href=\"https:\/\/hbg-koeln.de\/?p=7920\">Read More&#8230;<\/a><\/p>\n","protected":false},"author":9,"featured_media":0,"comment_status":"closed","ping_status":"open","sticky":false,"template":"","format":"standard","meta":{"ngg_post_thumbnail":0,"footnotes":""},"categories":[1],"tags":[],"class_list":["post-7920","post","type-post","status-publish","format-standard","hentry","category-allgemein"],"_links":{"self":[{"href":"https:\/\/hbg-koeln.de\/index.php?rest_route=\/wp\/v2\/posts\/7920","targetHints":{"allow":["GET"]}}],"collection":[{"href":"https:\/\/hbg-koeln.de\/index.php?rest_route=\/wp\/v2\/posts"}],"about":[{"href":"https:\/\/hbg-koeln.de\/index.php?rest_route=\/wp\/v2\/types\/post"}],"author":[{"embeddable":true,"href":"https:\/\/hbg-koeln.de\/index.php?rest_route=\/wp\/v2\/users\/9"}],"replies":[{"embeddable":true,"href":"https:\/\/hbg-koeln.de\/index.php?rest_route=%2Fwp%2Fv2%2Fcomments&post=7920"}],"version-history":[{"count":2,"href":"https:\/\/hbg-koeln.de\/index.php?rest_route=\/wp\/v2\/posts\/7920\/revisions"}],"predecessor-version":[{"id":7922,"href":"https:\/\/hbg-koeln.de\/index.php?rest_route=\/wp\/v2\/posts\/7920\/revisions\/7922"}],"wp:attachment":[{"href":"https:\/\/hbg-koeln.de\/index.php?rest_route=%2Fwp%2Fv2%2Fmedia&parent=7920"}],"wp:term":[{"taxonomy":"category","embeddable":true,"href":"https:\/\/hbg-koeln.de\/index.php?rest_route=%2Fwp%2Fv2%2Fcategories&post=7920"},{"taxonomy":"post_tag","embeddable":true,"href":"https:\/\/hbg-koeln.de\/index.php?rest_route=%2Fwp%2Fv2%2Ftags&post=7920"}],"curies":[{"name":"wp","href":"https:\/\/api.w.org\/{rel}","templated":true}]}}