{"id":7993,"date":"2021-05-12T15:31:06","date_gmt":"2021-05-12T14:31:06","guid":{"rendered":"http:\/\/hbg-koeln.de\/?p=7993"},"modified":"2021-05-13T15:46:12","modified_gmt":"2021-05-13T14:46:12","slug":"schulbetrieb-ab-dem-17-05-2021","status":"publish","type":"post","link":"https:\/\/hbg-koeln.de\/?p=7993","title":{"rendered":"<b>Schulbetrieb ab dem 17.05.2021<\/b>"},"content":{"rendered":"\n<p>Liebe Schulgemeinde,<\/p>\n<div class=\"moz-forward-container\">\n<div class=\"moz-forward-container\">ab Montag, den 17.05.2021 findet, wenn die Inzidenzzahl in K\u00f6ln unter 165 bleibt, wieder Wechselunterricht f\u00fcr alle Jahrg\u00e4nge statt. Wir beginnen am Montag, den 17.05.2021, mit der Gruppe A. Die \u00dcbersicht zur Gruppeneinteilung findet sich<a href=\"http:\/\/hbg-koeln.de\/wp-content\/uploads\/2021\/05\/21-05-12-A_B_Tage-ab-17.5.21.pdf\"> hier<\/a>. Neben dem Wechselunterricht gelten weiterhin besondere Regeln. Der Pr\u00e4senzunterricht findet f\u00fcr die SI Mo, Mi und Do von der 1.-5. Stunde statt und Di und Fr von der 1.-6. Stunde. Die SII hat von Mo-Fr von der 1.-6. Stunde Pr\u00e4senzunterricht. Am Nachmittag findet Distanzunterricht statt.<br><br>Alle Sch\u00fcler*innen verbringen die 30-Minuten Pause drau\u00dfen auf dem Schulhof (WC-Besuch ist m\u00f6glich). Alle Pausenangebote (PZ, Spieleausleihe, Bibliothek etc.) finden nicht statt. <br><br>Der Mensakiosk hat in der 30-Minuten Pause ge\u00f6ffnet. Der Kiosk wird von au\u00dfen \u00fcber den Schulhof betreten. Nach der 5.\/6. Stunde kann in der Mensa gegessen werden. Ob es warmes Essen oder nur Lunchpakete geben wird, h\u00e4ngt von der Anzahl der Essensbestellungen ab.<br><br>Alle Sch\u00fcler*innen werden zweimal in der Woche getestet. Testtage sind von Dienstag bis Freitag. Getestet wird in der ersten Stunde am Tag, die die Klasse im Klassenverband unterrichtet wird. Die Nachtestung von Sch\u00fcler*innen ist in Raum B 137 (Streitschlichterraum) bis 10 Uhr m\u00f6glich. Danach ist der Raum nicht mehr besetzt und Sch\u00fcler*innen, die ihre Versp\u00e4tung selbst zu verantworten haben (verschlafen, vergessen), werden dann an diesem Tag nach einem Anruf an die Eltern nach Hause entlassen.<\/div>\n<div class=\"moz-forward-container\">F\u00fcr Sch\u00fcler*innen, die einen nachgewiesenen Covid-19-Befund hatten, der mindestens 28 Tage zur\u00fcckliegt und nicht \u00e4lter als ein halbes Jahr ist, entf\u00e4llt die Testpflicht.<\/div>\n<div class=\"moz-forward-container\"><br>Es gibt einige weitere Sonderregelungen in den n\u00e4chsten Wochen:<\/div>\n<div class=\"moz-forward-container\">\n<ul>\n<li>An den Tagen, an denen die ZP 10 Pr\u00fcfungen stattfinden, entf\u00e4llt der Unterricht f\u00fcr die Jahrg\u00e4nge 7, 8 und 9 (Mi, 19.05., Do, 20.5.). Auch Sch\u00fcler*innen in Quarant\u00e4ne oder ohne Testnachweise k\u00f6nnen an den Pr\u00fcfungen teilnehmen. Sie schreiben in gesonderten R\u00e4umen, die zus\u00e4tzlich beaufsichtigt werden m\u00fcssen. Es ist wichtig, die Schulleitung umgehend zu informieren.<\/li>\n<li>An Tagen mit Klassenarbeiten entf\u00e4llt der Unterricht f\u00fcr einzelne Jahrg\u00e4nge in den ersten beiden Stunden. Einzelheiten entnehmen Sie bitte dem <a href=\"http:\/\/hbg-koeln.de\/wp-content\/uploads\/2021\/05\/21-05-12-Klassenarbeiten-zentral-5-10.pdf\">zentralen Klassenarbeitsplan<\/a>.<\/li>\n<li><b>Neu <\/b>ist, dass die Sch\u00fcler*innen<b> vor den Klassenarbeite<\/b><b>n<\/b> einen <b>Selbsttest<\/b> durchf\u00fchren. Wir haben die Erfahrung gemacht, dass die Doppelstunde h\u00e4ufig nicht komplett f\u00fcr die Klassenarbeit gebraucht wird.<\/li>\n<\/ul>\n<br>Die EF, die Q1 und der 10. Jahrgang werden wie gewohnt unterrichtet.<\/div>\n<div class=\"moz-forward-container\">Die Jahrg\u00e4nge 5-9 werden \u00fcberwiegend im Klassenverband unterrichtet.<\/div>\n<div class=\"moz-forward-container\"><b>Neu sind zwei Ausnahmen<\/b>:<\/div>\n<div class=\"moz-forward-container\">\n<ul>\n<li>WP-Kurse (7.\/8.\/9. Jg.) werden wieder differenziert als Kurs unterrichtet (abschlussrelevante Hauptf\u00e4cher).<\/li>\n<li>Die 3. Fremdsprache im 8. und 9. Jahrgang wird auch wieder differenziert als Kurs unterrichtet (Relevanz f\u00fcr die Sek II).<\/li>\n<\/ul>\nAlle anderen Zertifikatskurse finden im Distanzlernen statt.<\/div>\n<div class=\"moz-forward-container\">F\u00f6rderkurse, LRS, FuF, Lernstationen, DaF\/VK, Trainigsraum etc. finden nicht statt.<\/div>\n<div class=\"moz-forward-container\">F\u00fcr die Stunden in Religion\/PP und TM gilt weiterhin der Sonderplan, nach dem Lehrkr\u00e4fte f\u00fcr Religion oder Praktische Philosophie die Sch\u00fcler*innen im Klassenverband unterrichten\/betreuen.<br><br>Es wird zun\u00e4chst eine Notbetreuungsgruppe f\u00fcr die Jahrg\u00e4nge 5\/6 in der Bibliothek geben.&nbsp; Die Notbetreuung f\u00fcr die Jahrg\u00e4nge 7\/8 wird nicht mehr stattfinden.<br><br>Wir w\u00fcnschen allen einen sch\u00f6nen und erholsamen Feiertag und uns allen einen erfolgreichen Schulstart mit allen Sch\u00fcler*innen an Bord in der n\u00e4chsten Woche.<\/div>\n<\/div>\n<div class=\"moz-forward-container\">Mit herzlichem Gru\u00df<\/div>\n<div class=\"moz-forward-container\">Uta Goossens und Rolf Grisard<\/div>\n","protected":false},"excerpt":{"rendered":"<p>Liebe Schulgemeinde, ab Montag, den 17.05.2021 findet, wenn die Inzidenzzahl in K\u00f6ln unter 165 bleibt, wieder Wechselunterricht f\u00fcr alle Jahrg\u00e4nge statt. Wir beginnen am Montag, den 17.05.2021, mit der Gruppe A. Die \u00dcbersicht zur Gruppeneinteilung findet<a class=\"moretag\" href=\"https:\/\/hbg-koeln.de\/?p=7993\">Read More&#8230;<\/a><\/p>\n","protected":false},"author":9,"featured_media":0,"comment_status":"closed","ping_status":"open","sticky":false,"template":"","format":"standard","meta":{"ngg_post_thumbnail":0,"footnotes":""},"categories":[1],"tags":[],"class_list":["post-7993","post","type-post","status-publish","format-standard","hentry","category-allgemein"],"_links":{"self":[{"href":"https:\/\/hbg-koeln.de\/index.php?rest_route=\/wp\/v2\/posts\/7993","targetHints":{"allow":["GET"]}}],"collection":[{"href":"https:\/\/hbg-koeln.de\/index.php?rest_route=\/wp\/v2\/posts"}],"about":[{"href":"https:\/\/hbg-koeln.de\/index.php?rest_route=\/wp\/v2\/types\/post"}],"author":[{"embeddable":true,"href":"https:\/\/hbg-koeln.de\/index.php?rest_route=\/wp\/v2\/users\/9"}],"replies":[{"embeddable":true,"href":"https:\/\/hbg-koeln.de\/index.php?rest_route=%2Fwp%2Fv2%2Fcomments&post=7993"}],"version-history":[{"count":7,"href":"https:\/\/hbg-koeln.de\/index.php?rest_route=\/wp\/v2\/posts\/7993\/revisions"}],"predecessor-version":[{"id":8003,"href":"https:\/\/hbg-koeln.de\/index.php?rest_route=\/wp\/v2\/posts\/7993\/revisions\/8003"}],"wp:attachment":[{"href":"https:\/\/hbg-koeln.de\/index.php?rest_route=%2Fwp%2Fv2%2Fmedia&parent=7993"}],"wp:term":[{"taxonomy":"category","embeddable":true,"href":"https:\/\/hbg-koeln.de\/index.php?rest_route=%2Fwp%2Fv2%2Fcategories&post=7993"},{"taxonomy":"post_tag","embeddable":true,"href":"https:\/\/hbg-koeln.de\/index.php?rest_route=%2Fwp%2Fv2%2Ftags&post=7993"}],"curies":[{"name":"wp","href":"https:\/\/api.w.org\/{rel}","templated":true}]}}