{"id":8103,"date":"2021-06-14T10:19:42","date_gmt":"2021-06-14T09:19:42","guid":{"rendered":"https:\/\/hbg-koeln.de\/?p=8103"},"modified":"2021-06-14T10:19:42","modified_gmt":"2021-06-14T09:19:42","slug":"hitzefrei-am-mi-16-und-do-17-6-21","status":"publish","type":"post","link":"https:\/\/hbg-koeln.de\/?p=8103","title":{"rendered":"<b>Hitzefrei am Mi, 16. und Do, 17.6.21<\/b>"},"content":{"rendered":"\n<p>Liebe Schulgemeinde,<br>am Mittwoch, den 16.6. und am Donnerstag, den 17.6. ist f\u00fcr die Sek I nach der 5. Stunde aufgrund der angesagten Temperaturen \u00fcber 30 Grad hitzefrei.<br>Die Sch\u00fclerinnen und Sch\u00fcler k\u00f6nnen nach Unterrichtsschluss in der Mensa essen gehen.<br>Folgende Veranstaltungen finden auch am Nachmittag statt:<br>&#8211; die Pr\u00fcfungen f\u00fcr die Externen und evtl. Nachpr\u00fcfungen ZAP 10<br>&#8211; die Fortbildungen Erste Hilfe am Mittwoch und am Donnerstag<br>&#8211; Notbetreuung f\u00fcr die Jahrg\u00e4nge 5 und 6 in der 6.-8. Stunde<br>&#8211; Unterricht in der Sek II<\/p>\n<p>Die Klassenlehrer*innen der 5. und 6. Klassen informieren die Eltern und melden zur\u00fcck, wer an diesen Nachmittagen betreut werden muss. <br>Mit herzlichem Gru\u00df<br>Uta Goossens und Rolf Grisard<\/p>\n<p>&nbsp;<\/p>\n<p>&nbsp;<\/p>\n","protected":false},"excerpt":{"rendered":"<p>Liebe Schulgemeinde,am Mittwoch, den 16.6. und am Donnerstag, den 17.6. ist f\u00fcr die Sek I nach der 5. Stunde aufgrund der angesagten Temperaturen \u00fcber 30 Grad hitzefrei.Die Sch\u00fclerinnen und Sch\u00fcler k\u00f6nnen nach Unterrichtsschluss in der Mensa<a class=\"moretag\" href=\"https:\/\/hbg-koeln.de\/?p=8103\">Read More&#8230;<\/a><\/p>\n","protected":false},"author":9,"featured_media":0,"comment_status":"closed","ping_status":"open","sticky":false,"template":"","format":"standard","meta":{"ngg_post_thumbnail":0,"footnotes":""},"categories":[1],"tags":[],"class_list":["post-8103","post","type-post","status-publish","format-standard","hentry","category-allgemein"],"_links":{"self":[{"href":"https:\/\/hbg-koeln.de\/index.php?rest_route=\/wp\/v2\/posts\/8103","targetHints":{"allow":["GET"]}}],"collection":[{"href":"https:\/\/hbg-koeln.de\/index.php?rest_route=\/wp\/v2\/posts"}],"about":[{"href":"https:\/\/hbg-koeln.de\/index.php?rest_route=\/wp\/v2\/types\/post"}],"author":[{"embeddable":true,"href":"https:\/\/hbg-koeln.de\/index.php?rest_route=\/wp\/v2\/users\/9"}],"replies":[{"embeddable":true,"href":"https:\/\/hbg-koeln.de\/index.php?rest_route=%2Fwp%2Fv2%2Fcomments&post=8103"}],"version-history":[{"count":1,"href":"https:\/\/hbg-koeln.de\/index.php?rest_route=\/wp\/v2\/posts\/8103\/revisions"}],"predecessor-version":[{"id":8104,"href":"https:\/\/hbg-koeln.de\/index.php?rest_route=\/wp\/v2\/posts\/8103\/revisions\/8104"}],"wp:attachment":[{"href":"https:\/\/hbg-koeln.de\/index.php?rest_route=%2Fwp%2Fv2%2Fmedia&parent=8103"}],"wp:term":[{"taxonomy":"category","embeddable":true,"href":"https:\/\/hbg-koeln.de\/index.php?rest_route=%2Fwp%2Fv2%2Fcategories&post=8103"},{"taxonomy":"post_tag","embeddable":true,"href":"https:\/\/hbg-koeln.de\/index.php?rest_route=%2Fwp%2Fv2%2Ftags&post=8103"}],"curies":[{"name":"wp","href":"https:\/\/api.w.org\/{rel}","templated":true}]}}