{"id":8510,"date":"2021-12-09T23:51:41","date_gmt":"2021-12-09T22:51:41","guid":{"rendered":"https:\/\/hbg-koeln.de\/?p=8510"},"modified":"2021-12-14T23:23:29","modified_gmt":"2021-12-14T22:23:29","slug":"schule-ohne-rassismus-schule-mit-courage","status":"publish","type":"post","link":"https:\/\/hbg-koeln.de\/?p=8510","title":{"rendered":"Schule ohne Rassismus\u2014Schule mit Courage"},"content":{"rendered":"\n<p><em>Ein Beitrag der Klasse 9.1<\/em><\/p>\n<p>Anl\u00e4sslich des Projekttages \u201eSchule ohne Rassismus \u2014 Schule mit Courage\u201c interviewte und fotografierte die Klasse 9.1 Menschen, die ihre pers\u00f6nlichen Erfahrungen mit Rassismus teilen wollten. Das Ergebnis ist eine kleine Reihe von Text-Bild-Kombinationen, die die Sch\u00fclerinnen und Sch\u00fcler der Klasse zu einem drastischen Titel f\u00fcr ihre Arbeit veranlasste: \u201eRassismus \u00fcberall.\u201c<\/p>\n<div style=\"width: 604px;\" class=\"wp-video\"><video class=\"wp-video-shortcode\" id=\"video-8510-1\" width=\"604\" height=\"340\" preload=\"metadata\" controls=\"controls\"><source type=\"video\/mp4\" src=\"http:\/\/hbg-koeln.de\/wp-content\/uploads\/2021\/12\/SchuleOhneRassismus.mp4?_=1\" \/><a href=\"http:\/\/hbg-koeln.de\/wp-content\/uploads\/2021\/12\/SchuleOhneRassismus.mp4\">http:\/\/hbg-koeln.de\/wp-content\/uploads\/2021\/12\/SchuleOhneRassismus.mp4<\/a><\/video><\/div>\n<p>&nbsp;<\/p>\n","protected":false},"excerpt":{"rendered":"<p>Ein Beitrag der Klasse 9.1 Anl\u00e4sslich des Projekttages \u201eSchule ohne Rassismus \u2014 Schule mit Courage\u201c interviewte und fotografierte die Klasse 9.1 Menschen, die ihre pers\u00f6nlichen Erfahrungen mit Rassismus teilen wollten. Das Ergebnis ist eine kleine Reihe<a class=\"moretag\" href=\"https:\/\/hbg-koeln.de\/?p=8510\">Read More&#8230;<\/a><\/p>\n","protected":false},"author":11,"featured_media":0,"comment_status":"closed","ping_status":"open","sticky":false,"template":"","format":"standard","meta":{"ngg_post_thumbnail":0,"footnotes":""},"categories":[1],"tags":[],"class_list":["post-8510","post","type-post","status-publish","format-standard","hentry","category-allgemein"],"_links":{"self":[{"href":"https:\/\/hbg-koeln.de\/index.php?rest_route=\/wp\/v2\/posts\/8510","targetHints":{"allow":["GET"]}}],"collection":[{"href":"https:\/\/hbg-koeln.de\/index.php?rest_route=\/wp\/v2\/posts"}],"about":[{"href":"https:\/\/hbg-koeln.de\/index.php?rest_route=\/wp\/v2\/types\/post"}],"author":[{"embeddable":true,"href":"https:\/\/hbg-koeln.de\/index.php?rest_route=\/wp\/v2\/users\/11"}],"replies":[{"embeddable":true,"href":"https:\/\/hbg-koeln.de\/index.php?rest_route=%2Fwp%2Fv2%2Fcomments&post=8510"}],"version-history":[{"count":5,"href":"https:\/\/hbg-koeln.de\/index.php?rest_route=\/wp\/v2\/posts\/8510\/revisions"}],"predecessor-version":[{"id":8700,"href":"https:\/\/hbg-koeln.de\/index.php?rest_route=\/wp\/v2\/posts\/8510\/revisions\/8700"}],"wp:attachment":[{"href":"https:\/\/hbg-koeln.de\/index.php?rest_route=%2Fwp%2Fv2%2Fmedia&parent=8510"}],"wp:term":[{"taxonomy":"category","embeddable":true,"href":"https:\/\/hbg-koeln.de\/index.php?rest_route=%2Fwp%2Fv2%2Fcategories&post=8510"},{"taxonomy":"post_tag","embeddable":true,"href":"https:\/\/hbg-koeln.de\/index.php?rest_route=%2Fwp%2Fv2%2Ftags&post=8510"}],"curies":[{"name":"wp","href":"https:\/\/api.w.org\/{rel}","templated":true}]}}