{"id":8817,"date":"2022-02-08T10:14:00","date_gmt":"2022-02-08T09:14:00","guid":{"rendered":"https:\/\/hbg-koeln.de\/?p=8817"},"modified":"2022-02-08T10:14:12","modified_gmt":"2022-02-08T09:14:12","slug":"zusaetzliche-informationen-zum-alarmfall-am-4-2-22","status":"publish","type":"post","link":"https:\/\/hbg-koeln.de\/?p=8817","title":{"rendered":"<b>Zus\u00e4tzliche Informationen zum Alarmfall am 4.2.22<\/b>"},"content":{"rendered":"\n<p>Liebe Schulgemeinde,<br>am Montagnachmittag (7.2.22) hat das Krisenteam der Schule noch einmal getagt. Themen waren der Amokalarm, das Krisenmanagement der Schule, der erste Schultag nach der Krise und Perspektiven.<\/p>\n<p><strong>A) Zum Sachverhalt \u2013 der Amokalarm<br><\/strong><strong>Zum Sachverhalt gibt es keine neuen Erkenntnisse<\/strong>. <strong>Die Polizei fand keine Hinweise auf einen m\u00f6glichen T\u00e4ter und es wurde niemand verletzt<\/strong>. <strong>Die Polizei spricht von einem Fehlalarm.<\/strong><\/p>\n<p><strong>B) Zum Krisenmanagement<br><\/strong><strong>Es gab ausf\u00fchrliche Gespr\u00e4che mit verschiedenen Ansprechpartnern der Polizei: Wir haben als Schule alles richtig gemacht! <br><\/strong><strong>Ein gro\u00dfes Kompliment an alle Lehrerinnen und Lehrer, an die Sekret\u00e4rinnen, Hausmeister und Hallenwart, die Bibliotheksangestellten, das Reinigungspersonal und ganz besonders an unsere Sch\u00fclerinnen und Sch\u00fcler!<\/strong><\/p>\n<p><strong>C) Zum ersten Schultag nach der Krise<br><\/strong>Viele Sch\u00fcler:innen sind heute wieder in die Schule gekommen und haben mit uns gemeinsam diesen ersten Tag nach dem Amokalarm gemeistert.<br>Insgesamt haben sich 66 Sch\u00fcler:innen aus allen Jahrg\u00e4ngen von den Sozialp\u00e4dagoginnen und den Psychologinnen des schulpsychologischen Dienstes im OZ beraten lassen. Neben den Sorgen und \u00c4ngsten, die zur Sprache kamen, wurde auch deutlich, wie gut sie von ihren Lehrer:innen betreut wurden.<br>Einige Sch\u00fcler:innen sind heute zu Hause geblieben und haben sich noch nicht getraut, an die Schule zur\u00fcckzukehren. Das ist verst\u00e4ndlich. Wir m\u00f6chten Sie und euch aber ausdr\u00fccklich ermutigen, den Schulalltag wieder aufzunehmen. Angst baut sich nicht ab, wenn man zu Hause bleibt. Es wird besser, wenn man seinen Schulalltag wieder aufnimmt. Darauf haben die Schulpsychologinnen der Stadt K\u00f6ln sehr deutlich hingewiesen.<\/p>\n<p><strong>D) Perspektiven:<br><\/strong>Wir sollten uns alle Zeit geben, nichts ist normal nach nur einem Tag. Die Beratungsangebote bestehen auch weiterhin, wenn Unterst\u00fctzung ben\u00f6tigt wird. <br>Heute (Di, 8.2.) werden wieder zwei Psychologinnen in der Zeit von 11.10 \u2013 13.30 Uhr an der Schule sein und Beratungen f\u00fcr Sch\u00fcler:innen und auch Lehrer:innen anbieten.<br><strong>In den Gespr\u00e4chen mit der Polizei ist deutlich geworden, dass unsere Schule nach dem Alarm genauso sicher ist wie vor dem Alarm. Der Alarm hat gezeigt, dass sehr schnell bei einer m\u00f6glichen Gef\u00e4hrdung eingegriffen und f\u00fcr Sicherheit gesorgt wird. Das ist eine gute Botschaft!<\/strong><\/p>\n<p>Mit herzlichem Gru\u00df<br>Uta Goossens und Rolf Grisard<\/p>\n","protected":false},"excerpt":{"rendered":"<p>Liebe Schulgemeinde,am Montagnachmittag (7.2.22) hat das Krisenteam der Schule noch einmal getagt. Themen waren der Amokalarm, das Krisenmanagement der Schule, der erste Schultag nach der Krise und Perspektiven. A) Zum Sachverhalt \u2013 der AmokalarmZum Sachverhalt gibt<a class=\"moretag\" href=\"https:\/\/hbg-koeln.de\/?p=8817\">Read More&#8230;<\/a><\/p>\n","protected":false},"author":9,"featured_media":0,"comment_status":"closed","ping_status":"open","sticky":false,"template":"","format":"standard","meta":{"ngg_post_thumbnail":0,"footnotes":""},"categories":[1],"tags":[],"class_list":["post-8817","post","type-post","status-publish","format-standard","hentry","category-allgemein"],"_links":{"self":[{"href":"https:\/\/hbg-koeln.de\/index.php?rest_route=\/wp\/v2\/posts\/8817","targetHints":{"allow":["GET"]}}],"collection":[{"href":"https:\/\/hbg-koeln.de\/index.php?rest_route=\/wp\/v2\/posts"}],"about":[{"href":"https:\/\/hbg-koeln.de\/index.php?rest_route=\/wp\/v2\/types\/post"}],"author":[{"embeddable":true,"href":"https:\/\/hbg-koeln.de\/index.php?rest_route=\/wp\/v2\/users\/9"}],"replies":[{"embeddable":true,"href":"https:\/\/hbg-koeln.de\/index.php?rest_route=%2Fwp%2Fv2%2Fcomments&post=8817"}],"version-history":[{"count":2,"href":"https:\/\/hbg-koeln.de\/index.php?rest_route=\/wp\/v2\/posts\/8817\/revisions"}],"predecessor-version":[{"id":8819,"href":"https:\/\/hbg-koeln.de\/index.php?rest_route=\/wp\/v2\/posts\/8817\/revisions\/8819"}],"wp:attachment":[{"href":"https:\/\/hbg-koeln.de\/index.php?rest_route=%2Fwp%2Fv2%2Fmedia&parent=8817"}],"wp:term":[{"taxonomy":"category","embeddable":true,"href":"https:\/\/hbg-koeln.de\/index.php?rest_route=%2Fwp%2Fv2%2Fcategories&post=8817"},{"taxonomy":"post_tag","embeddable":true,"href":"https:\/\/hbg-koeln.de\/index.php?rest_route=%2Fwp%2Fv2%2Ftags&post=8817"}],"curies":[{"name":"wp","href":"https:\/\/api.w.org\/{rel}","templated":true}]}}