{"id":8917,"date":"2022-04-02T12:50:37","date_gmt":"2022-04-02T11:50:37","guid":{"rendered":"https:\/\/hbg-koeln.de\/?p=8917"},"modified":"2022-04-02T12:52:39","modified_gmt":"2022-04-02T11:52:39","slug":"aufhebung-der-maskenpflicht-und-fortfuehrung-der-testung-in-der-letzten-woche-vor-den-osterferien","status":"publish","type":"post","link":"https:\/\/hbg-koeln.de\/?p=8917","title":{"rendered":"<b>Aufhebung der Maskenpflicht und Fortf\u00fchrung der Testung in der letzten Woche vor den Osterferien<\/b>"},"content":{"rendered":"\n<p>Liebe Schulgemeinde,<br>in der letzten Woche vor den Osterferien gilt folgende Regelung, die das Schulministerium den Schulen mitgeteilt hat:<br>&#8222;<em>Bis Samstag, 2. April 2022, wird also \u00a7 2 der Coronabetreuungsverordnung eine Pflicht zum Tragen einer Maske in allen Innenr\u00e4umen der Schule vorsehen. Danach endet diese Pflicht. <\/em><em>Insbesondere f\u00fcr die letzte Woche vor den Osterferien bleibt es dennoch jeder Sch\u00fclerin und jedem Sch\u00fcler sowie allen in Schule t\u00e4tigen Personen unbenommen, in den Schulgeb\u00e4uden freiwillig eine Maske zu tragen. Diese Freiwilligkeit bedingt jedoch, dass es f\u00fcr die Schulen weder eine infektionsschutzrechtliche noch eine schulrechtliche Handhabe gegen\u00fcber einzelnen Mitgliedern der Schulgemeinde gibt, verbindlich das Tragen einer Maske durchzusetzen<\/em>.\u201c<br>Die Testungen werden bis zu den Osterferien fortgef\u00fchrt. Wir werden in der n\u00e4chsten Woche auch am Dienstag und am Donnerstag in der ersten Stunde ein Testangebot machen. Die Teilnahme am Test ist an diesen beiden Tagen f\u00fcr die Sch\u00fclerinnen und Sch\u00fcler freiwillig. Wenn Sch\u00fcler:innen ein positives Selbsttestergebnis haben, werden sie nach R\u00fccksprache mit den Eltern nach Hause geschickt oder sie werden abgeholt. Aktuell ist vorgesehen, dass nach den Osterferien nicht mehr in der Schule getestet wird. <br>Mit herzlichem Gru\u00df &#8211; Uta Goossens und Rolf Grisard (f\u00fcr die Schulleitung)<\/p>\n","protected":false},"excerpt":{"rendered":"<p>Liebe Schulgemeinde,in der letzten Woche vor den Osterferien gilt folgende Regelung, die das Schulministerium den Schulen mitgeteilt hat:&#8222;Bis Samstag, 2. April 2022, wird also \u00a7 2 der Coronabetreuungsverordnung eine Pflicht zum Tragen einer Maske in allen<a class=\"moretag\" href=\"https:\/\/hbg-koeln.de\/?p=8917\">Read More&#8230;<\/a><\/p>\n","protected":false},"author":9,"featured_media":0,"comment_status":"closed","ping_status":"open","sticky":false,"template":"","format":"standard","meta":{"ngg_post_thumbnail":0,"footnotes":""},"categories":[1],"tags":[],"class_list":["post-8917","post","type-post","status-publish","format-standard","hentry","category-allgemein"],"_links":{"self":[{"href":"https:\/\/hbg-koeln.de\/index.php?rest_route=\/wp\/v2\/posts\/8917","targetHints":{"allow":["GET"]}}],"collection":[{"href":"https:\/\/hbg-koeln.de\/index.php?rest_route=\/wp\/v2\/posts"}],"about":[{"href":"https:\/\/hbg-koeln.de\/index.php?rest_route=\/wp\/v2\/types\/post"}],"author":[{"embeddable":true,"href":"https:\/\/hbg-koeln.de\/index.php?rest_route=\/wp\/v2\/users\/9"}],"replies":[{"embeddable":true,"href":"https:\/\/hbg-koeln.de\/index.php?rest_route=%2Fwp%2Fv2%2Fcomments&post=8917"}],"version-history":[{"count":2,"href":"https:\/\/hbg-koeln.de\/index.php?rest_route=\/wp\/v2\/posts\/8917\/revisions"}],"predecessor-version":[{"id":8920,"href":"https:\/\/hbg-koeln.de\/index.php?rest_route=\/wp\/v2\/posts\/8917\/revisions\/8920"}],"wp:attachment":[{"href":"https:\/\/hbg-koeln.de\/index.php?rest_route=%2Fwp%2Fv2%2Fmedia&parent=8917"}],"wp:term":[{"taxonomy":"category","embeddable":true,"href":"https:\/\/hbg-koeln.de\/index.php?rest_route=%2Fwp%2Fv2%2Fcategories&post=8917"},{"taxonomy":"post_tag","embeddable":true,"href":"https:\/\/hbg-koeln.de\/index.php?rest_route=%2Fwp%2Fv2%2Ftags&post=8917"}],"curies":[{"name":"wp","href":"https:\/\/api.w.org\/{rel}","templated":true}]}}