{"id":8950,"date":"2022-05-06T09:54:03","date_gmt":"2022-05-06T08:54:03","guid":{"rendered":"https:\/\/hbg-koeln.de\/?p=8950"},"modified":"2022-05-08T16:17:50","modified_gmt":"2022-05-08T15:17:50","slug":"eresponse-2022","status":"publish","type":"post","link":"https:\/\/hbg-koeln.de\/?p=8950","title":{"rendered":"<b>eResponse 2022<\/b>"},"content":{"rendered":"\n<p>Ein Musikkurs des 11. Jahrgangs (EF) hat von Februar bis Mai 2022 am Komopositionsprojekt der K\u00f6lner Philharmonie eRESPONSE teilgenommen. Unter der Leitung der K\u00f6lner Komponisten Thomas Taxus Beck und Marco Mlynek erarbeiteten die SuS \u00fcberaus interessante, spannende und athmosph\u00e4rische Klangkompositionen. Zum Abschluss des Projekts am Montag, 02.05.22, haben unsere Sch\u00fcler*innen dann ihre Eigenkompositionen auf der B\u00fchne des K\u00f6lner COMEDIA-Theaters uraufgef\u00fchrt.<\/p>\n<p>Das Bezugskonzert AMBIENT LIVE in der K\u00f6lner Philharmonie besuchte der Kurs dann am Donnerstag, 05.05.22. Im Rahmen des Vorprogramms hierzu pr\u00e4sentierte eine Gruppe unserer Schule ihre Komposition TRAUMWALD.<\/p>\n<p>Besonderer Dank gilt der K\u00f6lnMusik GmbH, der PWC-Stiftung und dem F\u00f6rderverein der HBG f\u00fcr die gro\u00dfz\u00fcgige F\u00f6rderung des Projekts!<\/p>\n<p><a href=\"http:\/\/hbg-koeln.de\/wp-content\/uploads\/2022\/05\/DSC_1878-scaled.jpg\"><img loading=\"lazy\" decoding=\"async\" class=\"size-medium wp-image-8948 aligncenter\" src=\"http:\/\/hbg-koeln.de\/wp-content\/uploads\/2022\/05\/DSC_1878-300x169.jpg\" alt=\"\" width=\"300\" height=\"169\" srcset=\"https:\/\/hbg-koeln.de\/wp-content\/uploads\/2022\/05\/DSC_1878-300x169.jpg 300w, https:\/\/hbg-koeln.de\/wp-content\/uploads\/2022\/05\/DSC_1878-1024x576.jpg 1024w, https:\/\/hbg-koeln.de\/wp-content\/uploads\/2022\/05\/DSC_1878-768x432.jpg 768w, https:\/\/hbg-koeln.de\/wp-content\/uploads\/2022\/05\/DSC_1878-1536x864.jpg 1536w, https:\/\/hbg-koeln.de\/wp-content\/uploads\/2022\/05\/DSC_1878-2048x1152.jpg 2048w\" sizes=\"auto, (max-width: 300px) 100vw, 300px\" \/><\/a><\/p>\n<p>&nbsp;<\/p>\n","protected":false},"excerpt":{"rendered":"<p>Ein Musikkurs des 11. Jahrgangs (EF) hat von Februar bis Mai 2022 am Komopositionsprojekt der K\u00f6lner Philharmonie eRESPONSE teilgenommen. Unter der Leitung der K\u00f6lner Komponisten Thomas Taxus Beck und Marco Mlynek erarbeiteten die SuS \u00fcberaus interessante,<a class=\"moretag\" href=\"https:\/\/hbg-koeln.de\/?p=8950\">Read More&#8230;<\/a><\/p>\n","protected":false},"author":2,"featured_media":0,"comment_status":"closed","ping_status":"open","sticky":false,"template":"","format":"standard","meta":{"ngg_post_thumbnail":0,"footnotes":""},"categories":[1],"tags":[],"class_list":["post-8950","post","type-post","status-publish","format-standard","hentry","category-allgemein"],"_links":{"self":[{"href":"https:\/\/hbg-koeln.de\/index.php?rest_route=\/wp\/v2\/posts\/8950","targetHints":{"allow":["GET"]}}],"collection":[{"href":"https:\/\/hbg-koeln.de\/index.php?rest_route=\/wp\/v2\/posts"}],"about":[{"href":"https:\/\/hbg-koeln.de\/index.php?rest_route=\/wp\/v2\/types\/post"}],"author":[{"embeddable":true,"href":"https:\/\/hbg-koeln.de\/index.php?rest_route=\/wp\/v2\/users\/2"}],"replies":[{"embeddable":true,"href":"https:\/\/hbg-koeln.de\/index.php?rest_route=%2Fwp%2Fv2%2Fcomments&post=8950"}],"version-history":[{"count":5,"href":"https:\/\/hbg-koeln.de\/index.php?rest_route=\/wp\/v2\/posts\/8950\/revisions"}],"predecessor-version":[{"id":8956,"href":"https:\/\/hbg-koeln.de\/index.php?rest_route=\/wp\/v2\/posts\/8950\/revisions\/8956"}],"wp:attachment":[{"href":"https:\/\/hbg-koeln.de\/index.php?rest_route=%2Fwp%2Fv2%2Fmedia&parent=8950"}],"wp:term":[{"taxonomy":"category","embeddable":true,"href":"https:\/\/hbg-koeln.de\/index.php?rest_route=%2Fwp%2Fv2%2Fcategories&post=8950"},{"taxonomy":"post_tag","embeddable":true,"href":"https:\/\/hbg-koeln.de\/index.php?rest_route=%2Fwp%2Fv2%2Ftags&post=8950"}],"curies":[{"name":"wp","href":"https:\/\/api.w.org\/{rel}","templated":true}]}}