{"id":9009,"date":"2022-06-06T22:48:57","date_gmt":"2022-06-06T21:48:57","guid":{"rendered":"https:\/\/hbg-koeln.de\/?p=9009"},"modified":"2022-06-06T22:52:38","modified_gmt":"2022-06-06T21:52:38","slug":"projektkurs-aendern-leben-im-schuljahr-2021-22","status":"publish","type":"post","link":"https:\/\/hbg-koeln.de\/?p=9009","title":{"rendered":"<b>Projektkurs \u201e\u00c4ndern leben\u201c im Schuljahr 2021\/22<\/b>"},"content":{"rendered":"\n<p style=\"margin-bottom: 0cm; text-align: justify;\">Der Projektkurs der Qualifikationsphase 1 existiert seit 2019, wobei dieser im letzten Jahr coronabedingt entfallen musste. Im Kurs \u201e\u00c4ndern leben\u201c planen die Sch\u00fcler*innen verschiedene Projekte, die sie dann in unterschiedlichen Kontexten durchf\u00fchren, um Selbstwirksamkeit in der Gesellschaft praktisch zu erfahren. Das Ziel ist es, dass Sch\u00fcler*innen Demokratie nicht nur als starre Herrschaftsform denken, sondern diese Gesellschaft mit ihrer Teilhabe aktiv mitgestalten.<\/p>\n<p style=\"margin-bottom: 0cm; text-align: justify;\">In diesem Schuljahr nahmen 30 Sch\u00fcler*innen der Q1 teil. Heraus kamen ganz verschiedene, gr\u00f6\u00dfere und kleinere Projekte, die unserer Schule, aber auch unserem Stadtteil hoffentlich langfristig zugutekommen.<!--moreweiterlesen--><\/p>\n<p style=\"margin-bottom: 0cm; text-align: justify;\"><a href=\"http:\/\/hbg-koeln.de\/wp-content\/uploads\/2022\/06\/Bild-Hygieneautomat-scaled.jpg\"><img loading=\"lazy\" decoding=\"async\" class=\"alignleft  wp-image-9013\" src=\"http:\/\/hbg-koeln.de\/wp-content\/uploads\/2022\/06\/Bild-Hygieneautomat-300x135.jpg\" alt=\"\" width=\"228\" height=\"103\" srcset=\"https:\/\/hbg-koeln.de\/wp-content\/uploads\/2022\/06\/Bild-Hygieneautomat-300x135.jpg 300w, https:\/\/hbg-koeln.de\/wp-content\/uploads\/2022\/06\/Bild-Hygieneautomat-1024x461.jpg 1024w, https:\/\/hbg-koeln.de\/wp-content\/uploads\/2022\/06\/Bild-Hygieneautomat-768x345.jpg 768w, https:\/\/hbg-koeln.de\/wp-content\/uploads\/2022\/06\/Bild-Hygieneautomat-1536x691.jpg 1536w, https:\/\/hbg-koeln.de\/wp-content\/uploads\/2022\/06\/Bild-Hygieneautomat-2048x921.jpg 2048w, https:\/\/hbg-koeln.de\/wp-content\/uploads\/2022\/06\/Bild-Hygieneautomat-604x270.jpg 604w\" sizes=\"auto, (max-width: 228px) 100vw, 228px\" \/><\/a>Einer Gruppe ist es zum Beispiel zu verdanken, dass in der M\u00e4dchentoilette der Oberstufe nun ein Hygieneautomat installiert wurde.<\/p>\n<p>&nbsp;<\/p>\n<p><a href=\"http:\/\/hbg-koeln.de\/wp-content\/uploads\/2022\/06\/Bild-Jugendtreff-scaled.jpg\"><img loading=\"lazy\" decoding=\"async\" class=\"wp-image-9011 alignright\" src=\"http:\/\/hbg-koeln.de\/wp-content\/uploads\/2022\/06\/Bild-Jugendtreff-300x225.jpg\" alt=\"\" width=\"205\" height=\"154\" srcset=\"https:\/\/hbg-koeln.de\/wp-content\/uploads\/2022\/06\/Bild-Jugendtreff-300x225.jpg 300w, https:\/\/hbg-koeln.de\/wp-content\/uploads\/2022\/06\/Bild-Jugendtreff-1024x768.jpg 1024w, https:\/\/hbg-koeln.de\/wp-content\/uploads\/2022\/06\/Bild-Jugendtreff-768x576.jpg 768w, https:\/\/hbg-koeln.de\/wp-content\/uploads\/2022\/06\/Bild-Jugendtreff-1536x1152.jpg 1536w, https:\/\/hbg-koeln.de\/wp-content\/uploads\/2022\/06\/Bild-Jugendtreff-2048x1536.jpg 2048w\" sizes=\"auto, (max-width: 205px) 100vw, 205px\" \/><\/a>Jonathan und Steven kooperieren mit ihrer Kirchengemeinde und dem K\u00f6lner Jugendring, um so einen Jugendtreff in ihrer Gemeinde zu gestalten und zu er\u00f6ffnen, in dem langfristig z.B. Hausaufgabenbetreuung oder Nachhilfe m\u00f6glich ist.<\/p>\n<p><a href=\"http:\/\/hbg-koeln.de\/wp-content\/uploads\/2022\/06\/Bild-Zeitungsgruppe-scaled.jpg\"><img loading=\"lazy\" decoding=\"async\" class=\"alignleft  wp-image-9012\" src=\"http:\/\/hbg-koeln.de\/wp-content\/uploads\/2022\/06\/Bild-Zeitungsgruppe-300x135.jpg\" alt=\"\" width=\"228\" height=\"103\" srcset=\"https:\/\/hbg-koeln.de\/wp-content\/uploads\/2022\/06\/Bild-Zeitungsgruppe-300x135.jpg 300w, https:\/\/hbg-koeln.de\/wp-content\/uploads\/2022\/06\/Bild-Zeitungsgruppe-1024x461.jpg 1024w, https:\/\/hbg-koeln.de\/wp-content\/uploads\/2022\/06\/Bild-Zeitungsgruppe-768x345.jpg 768w, https:\/\/hbg-koeln.de\/wp-content\/uploads\/2022\/06\/Bild-Zeitungsgruppe-1536x691.jpg 1536w, https:\/\/hbg-koeln.de\/wp-content\/uploads\/2022\/06\/Bild-Zeitungsgruppe-2048x921.jpg 2048w, https:\/\/hbg-koeln.de\/wp-content\/uploads\/2022\/06\/Bild-Zeitungsgruppe-604x270.jpg 604w\" sizes=\"auto, (max-width: 228px) 100vw, 228px\" \/><\/a>Zwei Gruppen besch\u00e4ftigten sich in Kooperation intensiv mit der deutschen kolonialen Vergangenheit; insbesondere mit dem Genozid an den Herero und Nama. Im Rahmen unseres Jubil\u00e4ums 5 Jahre \u201eSchule ohne Rassismus \u2013 Schule mit Courage\u201c erscheint hierzu am 9.\/10. Juni eine Sonderausgabe der Heinrich.<\/p>\n<p><a href=\"http:\/\/hbg-koeln.de\/wp-content\/uploads\/2022\/06\/Bild-Orlog.jpg\"><img loading=\"lazy\" decoding=\"async\" class=\"wp-image-9010 alignright\" src=\"http:\/\/hbg-koeln.de\/wp-content\/uploads\/2022\/06\/Bild-Orlog-300x217.jpg\" alt=\"\" width=\"214\" height=\"155\" srcset=\"https:\/\/hbg-koeln.de\/wp-content\/uploads\/2022\/06\/Bild-Orlog-300x217.jpg 300w, https:\/\/hbg-koeln.de\/wp-content\/uploads\/2022\/06\/Bild-Orlog-1024x741.jpg 1024w, https:\/\/hbg-koeln.de\/wp-content\/uploads\/2022\/06\/Bild-Orlog-768x556.jpg 768w, https:\/\/hbg-koeln.de\/wp-content\/uploads\/2022\/06\/Bild-Orlog.jpg 1080w\" sizes=\"auto, (max-width: 214px) 100vw, 214px\" \/><\/a>Auf dem Kulturfestival wird zudem das Gem\u00e4lde \u201eOrlog\u201c enth\u00fcllt, in dem die K\u00fcnstlerin Sude Metin den Genozid thematisiert.<\/p>\n<p>&nbsp;<\/p>\n<p>Auf der Lehrer*innenkonferenz am 31.05.2022 stellte eine weitere Gruppe den ersten Baustein eines Gewaltpr\u00e4ventionskonzeptes vor, welches in das allgemeine Konzept der Schule eingegliedert werden soll. Im Zentrum steht hier, dass die Methoden von Sch\u00fcler*innen f\u00fcr Sch\u00fcler*innen durchgef\u00fchrt werden. Die Gruppe konnte ihren Konzeptbaustein bereits in zwei sechsten Klassen mit Erfolg erproben.<\/p>\n<p>&nbsp;<\/p>\n<p><strong>Stimmen aus dem Kurs:<\/strong><\/p>\n<p><em>\u201eAus dem Projektkurs \u201e\u00c4ndern leben\u201c nehme ich mit, dass wenn man wirklich etwas tut, viele Menschen erreichen kann und auch einiges bewegen kann.\u201c<\/em> (Jonathan)<\/p>\n<p><em>\u201eMir pers\u00f6nlich hat es gezeigt, dass es nicht viel braucht, um Teilhabe an der Gesellschaft zu haben.\u201c<\/em> (Christina)<\/p>\n<p><em>\u201eUnsere Ideen sind jetzt nicht mehr fiktional, sondern Realit\u00e4t.\u201c<\/em> (Meltem)<\/p>\n<p><em>\u201eDurch das Projekt habe ich gelernt verantwortungsbewusster, organisierter und disziplinierter zu handeln und \u00fcber meinen eigenen Schatten zu springen, in dem ich beispielsweise vor Organisationen und anderen meine Interessen und Ideen erfolgreich vertrete.\u201c<\/em> (Steven)<\/p>\n<p><em>\u201eEs ist ein besonderes Gef\u00fchl mitzuerleben, wie man ein Projekt zur Ver\u00e4nderung einer Sache auf die Beine stellt.\u201c<\/em> (Julia)<\/p>\n<p>Auch f\u00fcr das n\u00e4chste Jahr hat sich wieder ein gro\u00dfer Teil aus der jetzigen EF gefunden, der im kommenden Jahr eigene Ideen in die Tat umsetzen will.<\/p>\n<p>ARA\/ML<\/p>\n<p>&nbsp;<\/p>\n<p>&nbsp;<\/p>\n","protected":false},"excerpt":{"rendered":"<p>Der Projektkurs der Qualifikationsphase 1 existiert seit 2019, wobei dieser im letzten Jahr coronabedingt entfallen musste. Im Kurs \u201e\u00c4ndern leben\u201c planen die Sch\u00fcler*innen verschiedene Projekte, die sie dann in unterschiedlichen Kontexten durchf\u00fchren, um Selbstwirksamkeit in der<a class=\"moretag\" href=\"https:\/\/hbg-koeln.de\/?p=9009\">Read More&#8230;<\/a><\/p>\n","protected":false},"author":11,"featured_media":0,"comment_status":"closed","ping_status":"open","sticky":false,"template":"","format":"standard","meta":{"ngg_post_thumbnail":0,"footnotes":""},"categories":[1],"tags":[],"class_list":["post-9009","post","type-post","status-publish","format-standard","hentry","category-allgemein"],"_links":{"self":[{"href":"https:\/\/hbg-koeln.de\/index.php?rest_route=\/wp\/v2\/posts\/9009","targetHints":{"allow":["GET"]}}],"collection":[{"href":"https:\/\/hbg-koeln.de\/index.php?rest_route=\/wp\/v2\/posts"}],"about":[{"href":"https:\/\/hbg-koeln.de\/index.php?rest_route=\/wp\/v2\/types\/post"}],"author":[{"embeddable":true,"href":"https:\/\/hbg-koeln.de\/index.php?rest_route=\/wp\/v2\/users\/11"}],"replies":[{"embeddable":true,"href":"https:\/\/hbg-koeln.de\/index.php?rest_route=%2Fwp%2Fv2%2Fcomments&post=9009"}],"version-history":[{"count":7,"href":"https:\/\/hbg-koeln.de\/index.php?rest_route=\/wp\/v2\/posts\/9009\/revisions"}],"predecessor-version":[{"id":9021,"href":"https:\/\/hbg-koeln.de\/index.php?rest_route=\/wp\/v2\/posts\/9009\/revisions\/9021"}],"wp:attachment":[{"href":"https:\/\/hbg-koeln.de\/index.php?rest_route=%2Fwp%2Fv2%2Fmedia&parent=9009"}],"wp:term":[{"taxonomy":"category","embeddable":true,"href":"https:\/\/hbg-koeln.de\/index.php?rest_route=%2Fwp%2Fv2%2Fcategories&post=9009"},{"taxonomy":"post_tag","embeddable":true,"href":"https:\/\/hbg-koeln.de\/index.php?rest_route=%2Fwp%2Fv2%2Ftags&post=9009"}],"curies":[{"name":"wp","href":"https:\/\/api.w.org\/{rel}","templated":true}]}}